
{"id":64423,"date":"2017-03-17T21:48:49","date_gmt":"2017-03-18T00:48:49","guid":{"rendered":"http:\/\/www.sudoestehoje.com.br\/novoportal\/?p=64423"},"modified":"2017-03-17T21:48:49","modified_gmt":"2017-03-18T00:48:49","slug":"advogado-morre-ao-cair-do-19o-andar-do-anexo-1-da-camara-dos-deputados","status":"publish","type":"post","link":"https:\/\/www.sudoestehoje.com.br\/novoportal\/2017\/03\/17\/advogado-morre-ao-cair-do-19o-andar-do-anexo-1-da-camara-dos-deputados\/","title":{"rendered":"ADVOGADO MORRE AO CAIR DO 19\u00ba ANDAR DO ANEXO 1 DA C\u00c2MARA DOS DEPUTADOS"},"content":{"rendered":"<p><img loading=\"lazy\" decoding=\"async\" class=\"\" src=\"http:\/\/www.diariodopoder.com.br\/style\/images\/files\/ESSA%20suicidio%20camara.jpg\" width=\"500\" height=\"321\" \/><\/p>\n<p>O homem que caiu ou se jogou do Anexo 1 da C\u00e2mara dos Deputados por volta das 12h40 desta sexta-feira (17) foi identificado pelo Departamento de Pol\u00edcia Legislativa (Depol). Era o advogado Adriano de Rezende Naves, 42 anos, solteiro.<\/p>\n<p>Ele n\u00e3o era nem servidor, nem funcion\u00e1rio terceirizado da Casa. Entrou como visitante. O advogado estava na sala 1906 no 19\u00ba. No andar funciona a Coordena\u00e7\u00e3o de Engenharia de Obras.<\/p>\n<p>A assessoria de imprensa da Casa disse que o caso est\u00e1 sendo apurado pela Pol\u00edcia Legislativa em parceria com a Pol\u00edcia Civil que far\u00e1 a per\u00edcia. Ainda n\u00e3o se pode afirmar se foi um suic\u00eddio ou acidente<\/p>\n<p>O Corpo de Bombeiros do Distrito Federal informou que uma ambul\u00e2ncia foi solicitada, por\u00e9m ao chegar \u00a0no local a pessoa j\u00e1 estava morta. \/\/Di\u00e1rio do Poder<\/p>\n","protected":false},"excerpt":{"rendered":"<p>O homem que caiu ou se jogou do Anexo 1 da C\u00e2mara dos Deputados por volta das 12h40 desta sexta-feira (17) foi identificado pelo Departamento de Pol\u00edcia Legislativa (Depol). Era o advogado Adriano de Rezende Naves, 42 anos, solteiro. Ele n\u00e3o era nem servidor, nem funcion\u00e1rio terceirizado da Casa. Entrou como visitante. O advogado estava [&hellip;]<\/p>\n","protected":false},"author":2,"featured_media":0,"comment_status":"open","ping_status":"open","sticky":false,"template":"","format":"standard","meta":{"footnotes":"","_links_to":"","_links_to_target":""},"categories":[1],"tags":[],"class_list":["post-64423","post","type-post","status-publish","format-standard","hentry","category-geral"],"views":167,"_links":{"self":[{"href":"https:\/\/www.sudoestehoje.com.br\/novoportal\/wp-json\/wp\/v2\/posts\/64423","targetHints":{"allow":["GET"]}}],"collection":[{"href":"https:\/\/www.sudoestehoje.com.br\/novoportal\/wp-json\/wp\/v2\/posts"}],"about":[{"href":"https:\/\/www.sudoestehoje.com.br\/novoportal\/wp-json\/wp\/v2\/types\/post"}],"author":[{"embeddable":true,"href":"https:\/\/www.sudoestehoje.com.br\/novoportal\/wp-json\/wp\/v2\/users\/2"}],"replies":[{"embeddable":true,"href":"https:\/\/www.sudoestehoje.com.br\/novoportal\/wp-json\/wp\/v2\/comments?post=64423"}],"version-history":[{"count":1,"href":"https:\/\/www.sudoestehoje.com.br\/novoportal\/wp-json\/wp\/v2\/posts\/64423\/revisions"}],"predecessor-version":[{"id":64424,"href":"https:\/\/www.sudoestehoje.com.br\/novoportal\/wp-json\/wp\/v2\/posts\/64423\/revisions\/64424"}],"wp:attachment":[{"href":"https:\/\/www.sudoestehoje.com.br\/novoportal\/wp-json\/wp\/v2\/media?parent=64423"}],"wp:term":[{"taxonomy":"category","embeddable":true,"href":"https:\/\/www.sudoestehoje.com.br\/novoportal\/wp-json\/wp\/v2\/categories?post=64423"},{"taxonomy":"post_tag","embeddable":true,"href":"https:\/\/www.sudoestehoje.com.br\/novoportal\/wp-json\/wp\/v2\/tags?post=64423"}],"curies":[{"name":"wp","href":"https:\/\/api.w.org\/{rel}","templated":true}]}}