
{"id":64412,"date":"2017-03-17T11:07:14","date_gmt":"2017-03-17T14:07:14","guid":{"rendered":"http:\/\/www.sudoestehoje.com.br\/novoportal\/?p=64412"},"modified":"2017-03-17T11:36:52","modified_gmt":"2017-03-17T14:36:52","slug":"voce-esta-satisfeito-com-o-seu-deputado","status":"publish","type":"post","link":"https:\/\/www.sudoestehoje.com.br\/novoportal\/2017\/03\/17\/voce-esta-satisfeito-com-o-seu-deputado\/","title":{"rendered":"VOC\u00ca EST\u00c1 SATISFEITO COM O SEU DEPUTADO?"},"content":{"rendered":"<div id=\"attachment_64413\" style=\"width: 510px\" class=\"wp-caption aligncenter\"><a href=\"http:\/\/www.sudoestehoje.com.br\/novoportal\/wp-content\/uploads\/2017\/03\/leornardo-rosemberg-k\u00e1tia-ant\u00f4nio-brito-.jpg\"><img loading=\"lazy\" decoding=\"async\" aria-describedby=\"caption-attachment-64413\" class=\"size-medium wp-image-64413\" src=\"http:\/\/www.sudoestehoje.com.br\/novoportal\/wp-content\/uploads\/2017\/03\/leornardo-rosemberg-k\u00e1tia-ant\u00f4nio-brito--500x281.jpg\" alt=\"MAIS VOTADOS EM ITAPETINGA, ANT\u00d4NIO BRITO E ROSEMBERG PINTO TER\u00c3O SEUS MANDATOS AVALIADOS PELOS LEITORES DO SUDOESTE HOJE\" width=\"500\" height=\"281\" srcset=\"https:\/\/www.sudoestehoje.com.br\/novoportal\/wp-content\/uploads\/2017\/03\/leornardo-rosemberg-k\u00e1tia-ant\u00f4nio-brito--500x281.jpg 500w, https:\/\/www.sudoestehoje.com.br\/novoportal\/wp-content\/uploads\/2017\/03\/leornardo-rosemberg-k\u00e1tia-ant\u00f4nio-brito-.jpg 640w\" sizes=\"auto, (max-width: 500px) 100vw, 500px\" \/><\/a><p id=\"caption-attachment-64413\" class=\"wp-caption-text\"><span style=\"color: #0000ff;\"><strong><em>MAIS VOTADOS EM ITAPETINGA, ANT\u00d4NIO BRITO E ROSEMBERG PINTO TER\u00c3O SEUS MANDATOS AVALIADOS PELOS LEITORES DO SUDOESTE HOJE<\/em><\/strong><\/span><\/p><\/div>\n<p>Nas ultimas elei\u00e7\u00f5es, a popula\u00e7\u00e3o mostrou claramente sua insatisfa\u00e7\u00e3o com a classe pol\u00edtica e um cansa\u00e7o com a forma como se fez e se faz pol\u00edtica no pa\u00eds. Isso se manifestou por meio dos \u00edndices elevados de absten\u00e7\u00f5es, de votos nulos e em branco, que somaram, no segundo turno das elei\u00e7\u00f5es municipais, 32,5% dos votos v\u00e1lidos, o que representa quase um ter\u00e7o do eleitorado.<\/p>\n<p>Em Itapetinga, assim como em todas as cidades do pa\u00eds, a insatisfa\u00e7\u00e3o do eleitor com os pol\u00edticos que eles votaram e elegeram, principalmente deputados e senadores, \u00e9 enorme, e isto pode ser decisivo nas elei\u00e7\u00f5es do ano que vem, 2018, quando se espera uma renova\u00e7\u00e3o maci\u00e7a nos quadros pol\u00edticos da regi\u00e3o, do estado e de todo o Brasil. Este \u00e9 o desejo manifesto do eleitorado, mas ser\u00e1 que isto ocorrer\u00e1 de verdade?<\/p>\n<p>Teremos em 2018 elei\u00e7\u00f5es para governador, senadores, deputados federais e deputados estaduais, e pelo andar da carruagem, as mesmas figurinhas que elegemos e nos arrependemos de ter votado nas elei\u00e7\u00f5es passadas, desfilar\u00e3o pela regi\u00e3o exaltando os seus &#8216;feitos&#8217; (os malfeitos n\u00e3o) e pedindo mais uma vez &#8220;o voto de confian\u00e7a&#8221; dos arrependidos eleitores. Ser\u00e1 que ter\u00e3o?<\/p>\n<p>Para tentar dar uma &#8216;m\u00e3ozinha&#8217; aos nosso &#8216;esclarecidos&#8217; eleitores, o Sudoeste Hoje vai analisar os mandatos de cada um dos nossos representantes pol\u00edticos, abrindo espa\u00e7o para cr\u00edticas, propostas e sugest\u00f5es dos nossos leitores, aferindo, assim, o grau de confian\u00e7a nos pol\u00edticos que representam Itapetinga e regi\u00e3o.<\/p>\n<p>Serr\u00e3o analisados semanalmente, um por um, os mandatos dos deputados federais ANT\u00d4NIO BRITO (PDS), L\u00daCIO VIEIRA LIMA (PMDB), JOS\u00c9 CARLOS ALELUIA (DEM), IRM\u00c3O L\u00c1ZARO (PSC), DAVIDSON MAGALH\u00c3ES (PCdoB), S\u00c9RGIO BRITO (PSD) e ANT\u00d4NIO INBASSAHY (PSDB), e dos estaduais ROSEMBERG PINTO (PT), SANDRO R\u00c9GIS (DEM), EDUARDO SALES (PP) e \u00c2NGELA SOUSA (PSD), dentre outros.<\/p>\n<p>Os que n\u00e3o se elegeram ou que deixaram seus mandatos para exercer cargos executivos, como Geraldo Sim\u00f5es (PT), Herzem Gusm\u00e3o (PMDB), Heraldo Rocha (DEM) e Tim\u00f3teo Brito (PSD), n\u00e3o ser\u00e3o analisados, por raz\u00f5es obvias.<\/p>\n<p>Aceitamos sugest\u00f5es<\/p>\n<p><strong><em>Por Davi Ferraz\u00a0<\/em><\/strong><\/p>\n","protected":false},"excerpt":{"rendered":"<p>Nas ultimas elei\u00e7\u00f5es, a popula\u00e7\u00e3o mostrou claramente sua insatisfa\u00e7\u00e3o com a classe pol\u00edtica e um cansa\u00e7o com a forma como se fez e se faz pol\u00edtica no pa\u00eds. Isso se manifestou por meio dos \u00edndices elevados de absten\u00e7\u00f5es, de votos nulos e em branco, que somaram, no segundo turno das elei\u00e7\u00f5es municipais, 32,5% dos votos [&hellip;]<\/p>\n","protected":false},"author":2,"featured_media":0,"comment_status":"open","ping_status":"open","sticky":false,"template":"","format":"standard","meta":{"footnotes":"","_links_to":"","_links_to_target":""},"categories":[1],"tags":[],"class_list":["post-64412","post","type-post","status-publish","format-standard","hentry","category-geral"],"views":1554,"_links":{"self":[{"href":"https:\/\/www.sudoestehoje.com.br\/novoportal\/wp-json\/wp\/v2\/posts\/64412","targetHints":{"allow":["GET"]}}],"collection":[{"href":"https:\/\/www.sudoestehoje.com.br\/novoportal\/wp-json\/wp\/v2\/posts"}],"about":[{"href":"https:\/\/www.sudoestehoje.com.br\/novoportal\/wp-json\/wp\/v2\/types\/post"}],"author":[{"embeddable":true,"href":"https:\/\/www.sudoestehoje.com.br\/novoportal\/wp-json\/wp\/v2\/users\/2"}],"replies":[{"embeddable":true,"href":"https:\/\/www.sudoestehoje.com.br\/novoportal\/wp-json\/wp\/v2\/comments?post=64412"}],"version-history":[{"count":4,"href":"https:\/\/www.sudoestehoje.com.br\/novoportal\/wp-json\/wp\/v2\/posts\/64412\/revisions"}],"predecessor-version":[{"id":64417,"href":"https:\/\/www.sudoestehoje.com.br\/novoportal\/wp-json\/wp\/v2\/posts\/64412\/revisions\/64417"}],"wp:attachment":[{"href":"https:\/\/www.sudoestehoje.com.br\/novoportal\/wp-json\/wp\/v2\/media?parent=64412"}],"wp:term":[{"taxonomy":"category","embeddable":true,"href":"https:\/\/www.sudoestehoje.com.br\/novoportal\/wp-json\/wp\/v2\/categories?post=64412"},{"taxonomy":"post_tag","embeddable":true,"href":"https:\/\/www.sudoestehoje.com.br\/novoportal\/wp-json\/wp\/v2\/tags?post=64412"}],"curies":[{"name":"wp","href":"https:\/\/api.w.org\/{rel}","templated":true}]}}