
{"id":64396,"date":"2017-03-16T00:00:26","date_gmt":"2017-03-16T03:00:26","guid":{"rendered":"http:\/\/www.sudoestehoje.com.br\/novoportal\/?p=64396"},"modified":"2017-03-16T00:00:26","modified_gmt":"2017-03-16T03:00:26","slug":"petrolina-apos-461-dias-policia-identifica-quem-matou-a-garota-beatriz-angelica","status":"publish","type":"post","link":"https:\/\/www.sudoestehoje.com.br\/novoportal\/2017\/03\/16\/petrolina-apos-461-dias-policia-identifica-quem-matou-a-garota-beatriz-angelica\/","title":{"rendered":"PETROLINA: AP\u00d3S 461 DIAS, POL\u00cdCIA IDENTIFICA QUEM MATOU A GAROTA BEATRIZ ANG\u00c9LICA"},"content":{"rendered":"<p><img loading=\"lazy\" decoding=\"async\" class=\"\" src=\"https:\/\/i1.wp.com\/www.carlosbritto.com\/wp-content\/uploads\/2017\/03\/DELEGADA-GLEIDE-ANGELO-1-1.jpg?resize=600%2C399\" width=\"501\" height=\"333\" \/><\/p>\n<p>Nesta quarta-feira (15) aconteceu uma coletiva de imprensa sobre o Caso Beatriz no audit\u00f3rio da Secretaria de Defesa Social (SDS), em Recife.\u00a0A Delegada Respons\u00e1vel pelo caso, Gleide \u00c2ngelo, apresentou a imagem do homem apontado como o autor do crime que aconteceu em 10 de dezembro de 2015 durante uma solenidade de formatura no Col\u00e9gio Nossa Senhora Auxiliadora. Beatriz foi encontrada morta a facadas em um dep\u00f3sito de material esportivo na unidade escolar.<\/p>\n<p>Segundo a delegada, as novas investiga\u00e7\u00f5es apontaram a identidade visual do suspeito ap\u00f3s melhorarem as imagens de c\u00e2meras de seguran\u00e7a. A pol\u00edcia continua acreditando que o crime foi aleat\u00f3rio e que homem iria escolher qualquer crian\u00e7a para cometer o crime.<\/p>\n<p>Segundo a investiga\u00e7\u00e3o, antes de cometer o assassinato, o suspeito ficou por duas horas na frente da escola atuando como se fosse flanelinha e teve contato com v\u00e1rias pessoas que foram \u00e0 festa.<\/p>\n<p><iframe loading=\"lazy\" title=\"V\u00eddeo Assassino de Beatriz Blog Geraldo Jos\u00e9\" width=\"500\" height=\"281\" src=\"https:\/\/www.youtube.com\/embed\/ajwzfn_jYbQ?feature=oembed\" frameborder=\"0\" allow=\"accelerometer; autoplay; clipboard-write; encrypted-media; gyroscope; picture-in-picture; web-share\" referrerpolicy=\"strict-origin-when-cross-origin\" allowfullscreen><\/iframe><\/p>\n<p>\u201cO homem que est\u00e1 nas imagens eu tenho certeza absoluta que foi ele que matou Beatriz. Ele n\u00e3o \u00e9 mais suspeito. Ele \u00e9 o assassino. Esse homem premeditou o crime e se faz de flanelinha. A partir das imagens n\u00f3s vamos identificar o autor do crime e chegando a at\u00e9 ele vamos elucidar o crime. O que a gente pede a todos voc\u00eas \u00e9 que divulguem as imagens do assassino. Esse crime n\u00e3o pode ficar sem resposta e n\u00f3s vamos d\u00e1 uma resposta a sociedade\u201d, afirmou a Delegada Gleide \u00c2ngelo.<\/p>\n<p>A delegada disse ainda que o Disque-Den\u00fancia vai oferecer R$ 10 mil de recompensa para quem tiver informa\u00e7\u00f5es sobre a localiza\u00e7\u00e3o do homem.<\/p>\n<p>O Blog Geraldo Jos\u00e9 acompanha diariamente a resolu\u00e7\u00e3o do Caso Beatriz. Na nossa plataforma h\u00e1 um rel\u00f3gio contando os dias que j\u00e1 se passaram ap\u00f3s o crime. Hoje a morte de Beatriz completa 461 dias.<\/p>\n","protected":false},"excerpt":{"rendered":"<p>Nesta quarta-feira (15) aconteceu uma coletiva de imprensa sobre o Caso Beatriz no audit\u00f3rio da Secretaria de Defesa Social (SDS), em Recife.\u00a0A Delegada Respons\u00e1vel pelo caso, Gleide \u00c2ngelo, apresentou a imagem do homem apontado como o autor do crime que aconteceu em 10 de dezembro de 2015 durante uma solenidade de formatura no Col\u00e9gio Nossa [&hellip;]<\/p>\n","protected":false},"author":2,"featured_media":0,"comment_status":"open","ping_status":"open","sticky":false,"template":"","format":"standard","meta":{"footnotes":"","_links_to":"","_links_to_target":""},"categories":[1],"tags":[],"class_list":["post-64396","post","type-post","status-publish","format-standard","hentry","category-geral"],"views":2909,"_links":{"self":[{"href":"https:\/\/www.sudoestehoje.com.br\/novoportal\/wp-json\/wp\/v2\/posts\/64396","targetHints":{"allow":["GET"]}}],"collection":[{"href":"https:\/\/www.sudoestehoje.com.br\/novoportal\/wp-json\/wp\/v2\/posts"}],"about":[{"href":"https:\/\/www.sudoestehoje.com.br\/novoportal\/wp-json\/wp\/v2\/types\/post"}],"author":[{"embeddable":true,"href":"https:\/\/www.sudoestehoje.com.br\/novoportal\/wp-json\/wp\/v2\/users\/2"}],"replies":[{"embeddable":true,"href":"https:\/\/www.sudoestehoje.com.br\/novoportal\/wp-json\/wp\/v2\/comments?post=64396"}],"version-history":[{"count":2,"href":"https:\/\/www.sudoestehoje.com.br\/novoportal\/wp-json\/wp\/v2\/posts\/64396\/revisions"}],"predecessor-version":[{"id":64398,"href":"https:\/\/www.sudoestehoje.com.br\/novoportal\/wp-json\/wp\/v2\/posts\/64396\/revisions\/64398"}],"wp:attachment":[{"href":"https:\/\/www.sudoestehoje.com.br\/novoportal\/wp-json\/wp\/v2\/media?parent=64396"}],"wp:term":[{"taxonomy":"category","embeddable":true,"href":"https:\/\/www.sudoestehoje.com.br\/novoportal\/wp-json\/wp\/v2\/categories?post=64396"},{"taxonomy":"post_tag","embeddable":true,"href":"https:\/\/www.sudoestehoje.com.br\/novoportal\/wp-json\/wp\/v2\/tags?post=64396"}],"curies":[{"name":"wp","href":"https:\/\/api.w.org\/{rel}","templated":true}]}}