
{"id":64386,"date":"2017-03-15T10:21:10","date_gmt":"2017-03-15T13:21:10","guid":{"rendered":"http:\/\/www.sudoestehoje.com.br\/novoportal\/?p=64386"},"modified":"2017-03-15T10:50:01","modified_gmt":"2017-03-15T13:50:01","slug":"quem-e-mesmo-o-pai-do-ponto-cidadao-que-rui-prometeu-para-itapetinga","status":"publish","type":"post","link":"https:\/\/www.sudoestehoje.com.br\/novoportal\/2017\/03\/15\/quem-e-mesmo-o-pai-do-ponto-cidadao-que-rui-prometeu-para-itapetinga\/","title":{"rendered":"QUEM \u00c9 MESMO O &#8220;PAI&#8221; DO PONTO CIDAD\u00c3O QUE RUI PROMETEU PARA ITAPETINGA?"},"content":{"rendered":"<p><img loading=\"lazy\" decoding=\"async\" class=\"\" src=\"http:\/\/static.wixstatic.com\/media\/d8d332_d297e583bf4a4b0d9da0de5f5688ac6f.jpg\" alt=\"Resultado de imagem para pai da crian\u00e7a\" width=\"501\" height=\"313\" \/><\/p>\n<p>Bastou o governador Rui Costa abrir a boca para dizer que j\u00e1 autorizou a instala\u00e7\u00e3o do Ponto Cidad\u00e3o (Mini SAC) em Itapetinga, para uma legi\u00e3o de deputados estaduais da base governista reivindicar a &#8216;paternidade&#8217; do feito, numa corrida fren\u00e9tica em busca de prest\u00edgio na &#8216;Capital da Pecu\u00e1ria&#8217; e cidades vizinhas.<\/p>\n<p>Rosemberg Pinto (PT), \u00c2ngela Souza (PSD) e Eduardo Sales (PP), quando souberam do an\u00fancio feito de surpresa por Rui, acionaram as suas assessorias de comunica\u00e7\u00e3o e aliados para jogar na m\u00eddia e redes sociais que foram eles os autores do &#8216;grande feito&#8217;, enquanto as &#8216;vi\u00favas&#8217; do finado Z\u00e9 Carlos desenterravam aquele famoso e memor\u00e1vel &#8220;foi eu que trusse&#8221;, embolando ainda mais o meio de campo do rebaixado time governista em Itapetinga.<\/p>\n<p>O oportunismo barato dos deputados governistas n\u00e3o ficou de gra\u00e7a, e logo passou a ser questionado pela popula\u00e7\u00e3o nas redes sociais e conversas de rua, desacreditando ainda mais os nobres representantes pol\u00edticos, que est\u00e3o em falta com a Itapetinga e regi\u00e3o, cujas demandas mais importantes n\u00e3o v\u00eam sendo atendidas.<\/p>\n<p>Quem &#8220;trosse&#8221; ou reivindicou o SAC n\u00e3o tem a menor import\u00e2ncia para a popula\u00e7\u00e3o de Itapetinga, at\u00e9 porque o empreendimento \u00e9 do Governo do Estado, com utiliza\u00e7\u00e3o de recursos p\u00fablicos, e n\u00e3o dos nossos deputados.<\/p>\n<p>Do jeito que vai, Rui Costa vai ter que encomendar um exame de DNA, para saber quem \u00e9 mesmo o pai (ou m\u00e3e) da crian\u00e7a. A n\u00e3o ser que ele pr\u00f3prio assuma a paternidade&#8230;<\/p>\n<p><strong><em>Por Davi Ferraz<\/em><\/strong><\/p>\n","protected":false},"excerpt":{"rendered":"<p>Bastou o governador Rui Costa abrir a boca para dizer que j\u00e1 autorizou a instala\u00e7\u00e3o do Ponto Cidad\u00e3o (Mini SAC) em Itapetinga, para uma legi\u00e3o de deputados estaduais da base governista reivindicar a &#8216;paternidade&#8217; do feito, numa corrida fren\u00e9tica em busca de prest\u00edgio na &#8216;Capital da Pecu\u00e1ria&#8217; e cidades vizinhas. Rosemberg Pinto (PT), \u00c2ngela Souza [&hellip;]<\/p>\n","protected":false},"author":2,"featured_media":0,"comment_status":"open","ping_status":"open","sticky":false,"template":"","format":"standard","meta":{"footnotes":"","_links_to":"","_links_to_target":""},"categories":[1],"tags":[],"class_list":["post-64386","post","type-post","status-publish","format-standard","hentry","category-geral"],"views":1935,"_links":{"self":[{"href":"https:\/\/www.sudoestehoje.com.br\/novoportal\/wp-json\/wp\/v2\/posts\/64386","targetHints":{"allow":["GET"]}}],"collection":[{"href":"https:\/\/www.sudoestehoje.com.br\/novoportal\/wp-json\/wp\/v2\/posts"}],"about":[{"href":"https:\/\/www.sudoestehoje.com.br\/novoportal\/wp-json\/wp\/v2\/types\/post"}],"author":[{"embeddable":true,"href":"https:\/\/www.sudoestehoje.com.br\/novoportal\/wp-json\/wp\/v2\/users\/2"}],"replies":[{"embeddable":true,"href":"https:\/\/www.sudoestehoje.com.br\/novoportal\/wp-json\/wp\/v2\/comments?post=64386"}],"version-history":[{"count":4,"href":"https:\/\/www.sudoestehoje.com.br\/novoportal\/wp-json\/wp\/v2\/posts\/64386\/revisions"}],"predecessor-version":[{"id":64390,"href":"https:\/\/www.sudoestehoje.com.br\/novoportal\/wp-json\/wp\/v2\/posts\/64386\/revisions\/64390"}],"wp:attachment":[{"href":"https:\/\/www.sudoestehoje.com.br\/novoportal\/wp-json\/wp\/v2\/media?parent=64386"}],"wp:term":[{"taxonomy":"category","embeddable":true,"href":"https:\/\/www.sudoestehoje.com.br\/novoportal\/wp-json\/wp\/v2\/categories?post=64386"},{"taxonomy":"post_tag","embeddable":true,"href":"https:\/\/www.sudoestehoje.com.br\/novoportal\/wp-json\/wp\/v2\/tags?post=64386"}],"curies":[{"name":"wp","href":"https:\/\/api.w.org\/{rel}","templated":true}]}}