
{"id":64384,"date":"2017-03-14T23:03:19","date_gmt":"2017-03-15T02:03:19","guid":{"rendered":"http:\/\/www.sudoestehoje.com.br\/novoportal\/?p=64384"},"modified":"2017-03-14T23:03:19","modified_gmt":"2017-03-15T02:03:19","slug":"lava-jato-janot-pede-para-investigar-lula-dilma-serra-aecio-maia-e-eunicio","status":"publish","type":"post","link":"https:\/\/www.sudoestehoje.com.br\/novoportal\/2017\/03\/14\/lava-jato-janot-pede-para-investigar-lula-dilma-serra-aecio-maia-e-eunicio\/","title":{"rendered":"LAVA JATO: JANOT PEDE PARA INVESTIGAR LULA, DILMA, SERRA, A\u00c9CIO, MAIA E EUN\u00cdCIO"},"content":{"rendered":"<p><img loading=\"lazy\" decoding=\"async\" class=\"\" src=\"https:\/\/ogimg.infoglobo.com.br\/in\/21060627-86c-8f5\/FT1086A\/420\/janot.jpg\" width=\"501\" height=\"301\" \/><\/p>\n<p>BRAS\u00cdLIA \u2014 Entre os <a href=\"http:\/\/oglobo.globo.com\/brasil\/janot-envia-lista-ao-stf-com-83-pedidos-de-inquerito-na-lava-jato-21059177\" target=\"_blank\">320 pedidos <\/a>feitos pelo procurador-geral da Rep\u00fablica, Rodrigo Janot, est\u00e3o os ex-presidentes Luiz In\u00e1cio Lula da Silva e Dilma Rousseff. O caso deles est\u00e1 entre os 211 encaminhados a outras inst\u00e2ncias. Como n\u00e3o t\u00eam foro, os dois poder\u00e3o ser investigados na Justi\u00e7a Federal. A decis\u00e3o de enviar os autos caber\u00e1 ao ministro Edson Fachin, relator da Lava-Jato no Supremo Tribunal Federal.<\/p>\n<p>J\u00e1 os senadores tucanos A\u00e9cio Neves (MG) e Jos\u00e9 Serra (SP), segundo o pedido da Procuradoria, est\u00e3o citados nos 83 pedidos de inqu\u00e9rito no Supremo Tribunal Federal, segundo revelaram pessoas com acesso \u00e0 investiga\u00e7\u00e3o.<\/p>\n<p>Na lista dos 83 inqu\u00e9ritos tamb\u00e9m est\u00e3o os presidentes da C\u00e2mara, Rodrigo Maia (DEM-RJ), e do Senado, Eunicio Oliveira (PMDB-CE), e os ministros da Casa Civil, Eliseu Padilha, da Secretaria-Geral, Moreira Franco, de Rela\u00e7\u00f5es Exteriores, Aloysio Nunes, da Ci\u00eancia e Tecnologia, Gilberto Kassab, e das Cidades, Bruno Ara\u00fajo.<\/p>\n<p>Tamb\u00e9m h\u00e1 pedido para investigar o l\u00edder do governo no Senado, senador Romero Juc\u00e1 (PMDB-RR), o l\u00edder do PMDB no Senado, Renan Calheiros (AL), e o senador Edison Lob\u00e3o (PMDB-MA).<\/p>\n<div id=\"pub-retangulo-2\" class=\"arroba publicidade clearfix\" data-google-query-id=\"CPP4yvSz19ICFQmJkQodx8ABoA\"><\/div>\n<p>Para a primeira inst\u00e2ncia da Justi\u00e7a, o MPF pede para que sejam investigados os ex-ministros da Fazenda Guido Mantega e Antonio Palocci. \/\/O Globo<\/p>\n","protected":false},"excerpt":{"rendered":"<p>BRAS\u00cdLIA \u2014 Entre os 320 pedidos feitos pelo procurador-geral da Rep\u00fablica, Rodrigo Janot, est\u00e3o os ex-presidentes Luiz In\u00e1cio Lula da Silva e Dilma Rousseff. O caso deles est\u00e1 entre os 211 encaminhados a outras inst\u00e2ncias. Como n\u00e3o t\u00eam foro, os dois poder\u00e3o ser investigados na Justi\u00e7a Federal. A decis\u00e3o de enviar os autos caber\u00e1 ao [&hellip;]<\/p>\n","protected":false},"author":2,"featured_media":0,"comment_status":"open","ping_status":"open","sticky":false,"template":"","format":"standard","meta":{"footnotes":"","_links_to":"","_links_to_target":""},"categories":[1],"tags":[],"class_list":["post-64384","post","type-post","status-publish","format-standard","hentry","category-geral"],"views":1062,"_links":{"self":[{"href":"https:\/\/www.sudoestehoje.com.br\/novoportal\/wp-json\/wp\/v2\/posts\/64384","targetHints":{"allow":["GET"]}}],"collection":[{"href":"https:\/\/www.sudoestehoje.com.br\/novoportal\/wp-json\/wp\/v2\/posts"}],"about":[{"href":"https:\/\/www.sudoestehoje.com.br\/novoportal\/wp-json\/wp\/v2\/types\/post"}],"author":[{"embeddable":true,"href":"https:\/\/www.sudoestehoje.com.br\/novoportal\/wp-json\/wp\/v2\/users\/2"}],"replies":[{"embeddable":true,"href":"https:\/\/www.sudoestehoje.com.br\/novoportal\/wp-json\/wp\/v2\/comments?post=64384"}],"version-history":[{"count":1,"href":"https:\/\/www.sudoestehoje.com.br\/novoportal\/wp-json\/wp\/v2\/posts\/64384\/revisions"}],"predecessor-version":[{"id":64385,"href":"https:\/\/www.sudoestehoje.com.br\/novoportal\/wp-json\/wp\/v2\/posts\/64384\/revisions\/64385"}],"wp:attachment":[{"href":"https:\/\/www.sudoestehoje.com.br\/novoportal\/wp-json\/wp\/v2\/media?parent=64384"}],"wp:term":[{"taxonomy":"category","embeddable":true,"href":"https:\/\/www.sudoestehoje.com.br\/novoportal\/wp-json\/wp\/v2\/categories?post=64384"},{"taxonomy":"post_tag","embeddable":true,"href":"https:\/\/www.sudoestehoje.com.br\/novoportal\/wp-json\/wp\/v2\/tags?post=64384"}],"curies":[{"name":"wp","href":"https:\/\/api.w.org\/{rel}","templated":true}]}}