
{"id":6438,"date":"2011-07-05T20:44:26","date_gmt":"2011-07-05T23:44:26","guid":{"rendered":"http:\/\/www.sudoestehoje.com.br\/novoportal\/?p=6438"},"modified":"2011-07-05T20:44:26","modified_gmt":"2011-07-05T23:44:26","slug":"desabafo-de-um-morador-do-bairro-vila-isabel","status":"publish","type":"post","link":"https:\/\/www.sudoestehoje.com.br\/novoportal\/2011\/07\/05\/desabafo-de-um-morador-do-bairro-vila-isabel\/","title":{"rendered":"DESABAFO DE UM MORADOR DO BAIRRO VILA ISABEL"},"content":{"rendered":"<p>Vejam este coment\u00e1rio de um\u00a0 morador da Vila Isabel, em Itapetinga:<\/p>\n<p><em>&#8220;Eu sou morador da Vila Isabel h\u00e1 muitos anos e nunca vi tanto descaso com a popula\u00e7\u00e3o que mora depois da ponte.\u00c9 posto de sa\u00fade sem m\u00e9dico,sem rem\u00e9dios sem material para fazer curativos.\u00c9 um meio de transporte que n\u00e3o funciona como deveria e tantas outras coisas que vem acontecendo que at\u00e9 parece que os bairros tem aparencia de deserto.Aqui na Vila abriram um buraco em uma determinada rua que abalou at\u00e9 as estruturas das casas,fecharam este canal e agora est\u00e3o abrindo outro na mesma rua.E temos que conviver com tudo isso.Dizem que este final de semana vai funcionar a tal de prefeitura intinerante,e para isto acontecer nossos filhos ficar\u00e3o sem aula por tr\u00eas dias, ai pintaram a escola por fora,a entrada,capinaram,colocaram uma m\u00e1quina para tirar um entulho que tinha dentro da escola a mais de um ano,e quem for visitar a escola d\u00ea uma olhada nas salas de aula para ver como elas est\u00e3o,paredes sujas cheias de buraco,salas sem portas.Isto \u00e9 uma falta de respeito muito grande com nossos filhos que estudam l\u00e1 e para nos que somos pais e pagamos nossos impostos em dia agora pensa que somos cegos,que n\u00e3o temos conhecimento das coisas que acontecem.S\u00f3 que no pr\u00f3ximo ano estaremos todos esperando em nossas portas todos voc\u00eas darei a resposta que est\u00e3o precisando.N\u00e3o pense que nos enganar\u00e1 com esta prefeitura intinerante.&#8221;<\/em><\/p>\n","protected":false},"excerpt":{"rendered":"<p>Vejam este coment\u00e1rio de um\u00a0 morador da Vila Isabel, em Itapetinga: &#8220;Eu sou morador da Vila Isabel h\u00e1 muitos anos e nunca vi tanto descaso com a popula\u00e7\u00e3o que mora depois da ponte.\u00c9 posto de sa\u00fade sem m\u00e9dico,sem rem\u00e9dios sem material para fazer curativos.\u00c9 um meio de transporte que n\u00e3o funciona como deveria e tantas [&hellip;]<\/p>\n","protected":false},"author":2,"featured_media":0,"comment_status":"open","ping_status":"open","sticky":false,"template":"","format":"standard","meta":{"footnotes":"","_links_to":"","_links_to_target":""},"categories":[1],"tags":[],"class_list":["post-6438","post","type-post","status-publish","format-standard","hentry","category-geral"],"views":1170,"_links":{"self":[{"href":"https:\/\/www.sudoestehoje.com.br\/novoportal\/wp-json\/wp\/v2\/posts\/6438","targetHints":{"allow":["GET"]}}],"collection":[{"href":"https:\/\/www.sudoestehoje.com.br\/novoportal\/wp-json\/wp\/v2\/posts"}],"about":[{"href":"https:\/\/www.sudoestehoje.com.br\/novoportal\/wp-json\/wp\/v2\/types\/post"}],"author":[{"embeddable":true,"href":"https:\/\/www.sudoestehoje.com.br\/novoportal\/wp-json\/wp\/v2\/users\/2"}],"replies":[{"embeddable":true,"href":"https:\/\/www.sudoestehoje.com.br\/novoportal\/wp-json\/wp\/v2\/comments?post=6438"}],"version-history":[{"count":4,"href":"https:\/\/www.sudoestehoje.com.br\/novoportal\/wp-json\/wp\/v2\/posts\/6438\/revisions"}],"predecessor-version":[{"id":6442,"href":"https:\/\/www.sudoestehoje.com.br\/novoportal\/wp-json\/wp\/v2\/posts\/6438\/revisions\/6442"}],"wp:attachment":[{"href":"https:\/\/www.sudoestehoje.com.br\/novoportal\/wp-json\/wp\/v2\/media?parent=6438"}],"wp:term":[{"taxonomy":"category","embeddable":true,"href":"https:\/\/www.sudoestehoje.com.br\/novoportal\/wp-json\/wp\/v2\/categories?post=6438"},{"taxonomy":"post_tag","embeddable":true,"href":"https:\/\/www.sudoestehoje.com.br\/novoportal\/wp-json\/wp\/v2\/tags?post=6438"}],"curies":[{"name":"wp","href":"https:\/\/api.w.org\/{rel}","templated":true}]}}