
{"id":64372,"date":"2017-03-14T13:13:07","date_gmt":"2017-03-14T16:13:07","guid":{"rendered":"http:\/\/www.sudoestehoje.com.br\/novoportal\/?p=64372"},"modified":"2017-03-14T13:13:07","modified_gmt":"2017-03-14T16:13:07","slug":"itapetinga-if-baiano-divulga-edital-de-vagas-remanescentes-e-cursos-subsequentes","status":"publish","type":"post","link":"https:\/\/www.sudoestehoje.com.br\/novoportal\/2017\/03\/14\/itapetinga-if-baiano-divulga-edital-de-vagas-remanescentes-e-cursos-subsequentes\/","title":{"rendered":"ITAPETINGA: IF BAIANO DIVULGA EDITAL DE VAGAS REMANESCENTES E CURSOS SUBSEQUENTES"},"content":{"rendered":"<p><a href=\"http:\/\/www.sudoestehoje.com.br\/novoportal\/wp-content\/uploads\/2017\/03\/IF-BAIANO-ITAPETINGA-1.jpg\"><img loading=\"lazy\" decoding=\"async\" class=\"aligncenter wp-image-64375\" src=\"http:\/\/www.sudoestehoje.com.br\/novoportal\/wp-content\/uploads\/2017\/03\/IF-BAIANO-ITAPETINGA-1-500x336.jpg\" alt=\"IF BAIANO ITAPETINGA\" width=\"500\" height=\"336\" \/><\/a><\/p>\n<p>O Campus Itapetinga do IF Baiano publica Edital de Processo Seletivo com 66 vagas remanescentes para os Cursos T\u00e9cnicos na modalidade subsequente: 23 para T\u00e9cnico em Agropecu\u00e1ria e 43 para Manuten\u00e7\u00e3o e Suporte em Inform\u00e1tica.<\/p>\n<p>As inscri\u00e7\u00f5es s\u00e3o gratuitas e ocorrem no per\u00edodo de 08 a 22 de mar\u00e7o de 2017, por meio do preenchimento da ficha de inscri\u00e7\u00e3o online, no seguinte endere\u00e7o:<\/p>\n<p><strong><a href=\"https:\/\/goo.gl\/forms\/C7fq3TWzCxJ58iB83\">https:\/\/goo.gl\/forms\/C7fq3TWzCxJ58iB83<\/a><\/strong><\/p>\n<p>Estudantes que j\u00e1 conclu\u00edram o Ensino M\u00e9dio ou curso equivalente podem candidatar-se para as vagas. O Processo Seletivo ocorre atrav\u00e9s de entrevista e ter\u00e1 o car\u00e1ter de avaliar o perfil do candidato com o curso escolhido.<\/p>\n<p>O sistema de vagas \u00e9 dividido em 3 categorias: Ampla Concorr\u00eancia, Cotas para estudantes oriundos de Escolas P\u00fablicas e Cotas para Pessoas com Necessidades Educacionais Espec\u00edficas. Os documentos referentes aos concorrentes das cotas para estudantes oriundos de escolas p\u00fablicas, dever\u00e3o ser entregues no dia da entrevista.<\/p>\n<p>A entrevista ser\u00e1 realizada na sala de EAD do Campus Itapetinga no per\u00edodo de 27 e 31 de mar\u00e7o de 2017, em hor\u00e1rio a ser marcado. Ele dever\u00e1 comparecer munido de documento de identifica\u00e7\u00e3o oficial, original, com foto.<\/p>\n<p>Leia o Edital completo no link ao lado:\u00a0<strong><a href=\"http:\/\/www.ifbaiano.edu.br\/unidades\/itapetinga\/files\/2017\/03\/Edital_Vagas_Remanescentes_Subsequente.pdf\">Edital_Vagas_Remanescentes_Subsequente<\/a><\/strong><\/p>\n","protected":false},"excerpt":{"rendered":"<p>O Campus Itapetinga do IF Baiano publica Edital de Processo Seletivo com 66 vagas remanescentes para os Cursos T\u00e9cnicos na modalidade subsequente: 23 para T\u00e9cnico em Agropecu\u00e1ria e 43 para Manuten\u00e7\u00e3o e Suporte em Inform\u00e1tica. As inscri\u00e7\u00f5es s\u00e3o gratuitas e ocorrem no per\u00edodo de 08 a 22 de mar\u00e7o de 2017, por meio do preenchimento [&hellip;]<\/p>\n","protected":false},"author":2,"featured_media":64374,"comment_status":"open","ping_status":"open","sticky":false,"template":"","format":"standard","meta":{"footnotes":"","_links_to":"","_links_to_target":""},"categories":[1],"tags":[],"class_list":["post-64372","post","type-post","status-publish","format-standard","has-post-thumbnail","hentry","category-geral"],"views":2044,"_links":{"self":[{"href":"https:\/\/www.sudoestehoje.com.br\/novoportal\/wp-json\/wp\/v2\/posts\/64372","targetHints":{"allow":["GET"]}}],"collection":[{"href":"https:\/\/www.sudoestehoje.com.br\/novoportal\/wp-json\/wp\/v2\/posts"}],"about":[{"href":"https:\/\/www.sudoestehoje.com.br\/novoportal\/wp-json\/wp\/v2\/types\/post"}],"author":[{"embeddable":true,"href":"https:\/\/www.sudoestehoje.com.br\/novoportal\/wp-json\/wp\/v2\/users\/2"}],"replies":[{"embeddable":true,"href":"https:\/\/www.sudoestehoje.com.br\/novoportal\/wp-json\/wp\/v2\/comments?post=64372"}],"version-history":[{"count":2,"href":"https:\/\/www.sudoestehoje.com.br\/novoportal\/wp-json\/wp\/v2\/posts\/64372\/revisions"}],"predecessor-version":[{"id":64376,"href":"https:\/\/www.sudoestehoje.com.br\/novoportal\/wp-json\/wp\/v2\/posts\/64372\/revisions\/64376"}],"wp:featuredmedia":[{"embeddable":true,"href":"https:\/\/www.sudoestehoje.com.br\/novoportal\/wp-json\/wp\/v2\/media\/64374"}],"wp:attachment":[{"href":"https:\/\/www.sudoestehoje.com.br\/novoportal\/wp-json\/wp\/v2\/media?parent=64372"}],"wp:term":[{"taxonomy":"category","embeddable":true,"href":"https:\/\/www.sudoestehoje.com.br\/novoportal\/wp-json\/wp\/v2\/categories?post=64372"},{"taxonomy":"post_tag","embeddable":true,"href":"https:\/\/www.sudoestehoje.com.br\/novoportal\/wp-json\/wp\/v2\/tags?post=64372"}],"curies":[{"name":"wp","href":"https:\/\/api.w.org\/{rel}","templated":true}]}}