
{"id":64340,"date":"2017-03-13T19:36:59","date_gmt":"2017-03-13T22:36:59","guid":{"rendered":"http:\/\/www.sudoestehoje.com.br\/novoportal\/?p=64340"},"modified":"2017-03-13T19:43:57","modified_gmt":"2017-03-13T22:43:57","slug":"ponto-cidadao-sera-instalado-em-itapetinga","status":"publish","type":"post","link":"https:\/\/www.sudoestehoje.com.br\/novoportal\/2017\/03\/13\/ponto-cidadao-sera-instalado-em-itapetinga\/","title":{"rendered":"PONTO CIDAD\u00c3O SER\u00c1 INSTALADO EM ITAPETINGA"},"content":{"rendered":"<div class=\"_5x46\">\n<div class=\"clearfix _5va3\">\n<div class=\"clearfix _42ef\">\n<div class=\"_5va4\">\n<div class=\"_6a _5u5j\">\n<div class=\"_6a _5u5j _6b\">\n<div id=\"u_jsonp_9_2j\" class=\"_6a _43_1 _4f-9 _nws _21o- _fol\"><img loading=\"lazy\" decoding=\"async\" class=\"scaledImageFitWidth img\" src=\"https:\/\/external.fsdu6-1.fna.fbcdn.net\/safe_image.php?d=AQBuSYvs1mNAxCO7&amp;w=487&amp;h=255&amp;url=https%3A%2F%2Fscontent.fsdu6-1.fna.fbcdn.net%2Ft45.1600-4%2F17268409_6060138226745_8294866310085476352_n.png&amp;cfs=1&amp;upscale=1&amp;_nc_hash=AQBSWNe4W_qF2lH2\" alt=\"\" width=\"500\" height=\"261\" \/><\/div>\n<\/div>\n<\/div>\n<\/div>\n<\/div>\n<\/div>\n<\/div>\n<p>Na manh\u00e3 desta segunda (13),<strong>\u00a0<\/strong>o Governo do Estado anunciou a<strong>\u00a0<\/strong>autoriza\u00e7\u00e3o para instala\u00e7\u00e3o do primeiro Ponto Cidad\u00e3o em Itapetinga, principal cidade da regi\u00e3o M\u00e9dio Sudoeste da Bahia.<\/p>\n<p>Caso a promessa do governador se concretize, os cidad\u00e3os de Itapetinga poder\u00e3o solicitar, no pr\u00f3prio munic\u00edpio, os servi\u00e7os de inscri\u00e7\u00e3o no<strong> CPF, antecedentes criminais, Carteiras de Trabalho, Carteira de Identidade, atendimentos do CEPREV e intermedia\u00e7\u00e3o de m\u00e3o de obra e solicita\u00e7\u00e3o de Seguro Desemprego<\/strong>, servi\u00e7os que h\u00e1 muito tempo v\u00eam sendo realizados em Vit\u00f3ria da Conquista.<\/p>\n<p>O Ponto Cidad\u00e3o dever\u00e1 contar com quinze funcion\u00e1rios, e a expectativa \u00e9 de que os 197 mil habitantes do munic\u00edpio e das cidades vizinhas possam contar com o novo servi\u00e7o, a uma capacidade de 5.500 atendimentos por m\u00eas.<\/p>\n<p>O Ponto Cidad\u00e3o funcionar\u00e1 no im\u00f3vel do extinto Derba, que atende ao porte e condi\u00e7\u00f5es do projeto. As pr\u00f3ximas etapas para implanta\u00e7\u00e3o do posto passam pelo cadastro da \u00e1rea a ser utilizada, desenvolvimento dos projetos e posterior execu\u00e7\u00e3o, incluindo reforma e adequa\u00e7\u00f5es necess\u00e1rias ao empreendimento.<\/p>\n","protected":false},"excerpt":{"rendered":"<p>Na manh\u00e3 desta segunda (13),\u00a0o Governo do Estado anunciou a\u00a0autoriza\u00e7\u00e3o para instala\u00e7\u00e3o do primeiro Ponto Cidad\u00e3o em Itapetinga, principal cidade da regi\u00e3o M\u00e9dio Sudoeste da Bahia. Caso a promessa do governador se concretize, os cidad\u00e3os de Itapetinga poder\u00e3o solicitar, no pr\u00f3prio munic\u00edpio, os servi\u00e7os de inscri\u00e7\u00e3o no CPF, antecedentes criminais, Carteiras de Trabalho, Carteira de [&hellip;]<\/p>\n","protected":false},"author":2,"featured_media":0,"comment_status":"open","ping_status":"open","sticky":false,"template":"","format":"standard","meta":{"footnotes":"","_links_to":"","_links_to_target":""},"categories":[1],"tags":[],"class_list":["post-64340","post","type-post","status-publish","format-standard","hentry","category-geral"],"views":1823,"_links":{"self":[{"href":"https:\/\/www.sudoestehoje.com.br\/novoportal\/wp-json\/wp\/v2\/posts\/64340","targetHints":{"allow":["GET"]}}],"collection":[{"href":"https:\/\/www.sudoestehoje.com.br\/novoportal\/wp-json\/wp\/v2\/posts"}],"about":[{"href":"https:\/\/www.sudoestehoje.com.br\/novoportal\/wp-json\/wp\/v2\/types\/post"}],"author":[{"embeddable":true,"href":"https:\/\/www.sudoestehoje.com.br\/novoportal\/wp-json\/wp\/v2\/users\/2"}],"replies":[{"embeddable":true,"href":"https:\/\/www.sudoestehoje.com.br\/novoportal\/wp-json\/wp\/v2\/comments?post=64340"}],"version-history":[{"count":4,"href":"https:\/\/www.sudoestehoje.com.br\/novoportal\/wp-json\/wp\/v2\/posts\/64340\/revisions"}],"predecessor-version":[{"id":64344,"href":"https:\/\/www.sudoestehoje.com.br\/novoportal\/wp-json\/wp\/v2\/posts\/64340\/revisions\/64344"}],"wp:attachment":[{"href":"https:\/\/www.sudoestehoje.com.br\/novoportal\/wp-json\/wp\/v2\/media?parent=64340"}],"wp:term":[{"taxonomy":"category","embeddable":true,"href":"https:\/\/www.sudoestehoje.com.br\/novoportal\/wp-json\/wp\/v2\/categories?post=64340"},{"taxonomy":"post_tag","embeddable":true,"href":"https:\/\/www.sudoestehoje.com.br\/novoportal\/wp-json\/wp\/v2\/tags?post=64340"}],"curies":[{"name":"wp","href":"https:\/\/api.w.org\/{rel}","templated":true}]}}