
{"id":6434,"date":"2011-07-05T18:16:59","date_gmt":"2011-07-05T21:16:59","guid":{"rendered":"http:\/\/www.sudoestehoje.com.br\/novoportal\/?p=6434"},"modified":"2011-07-05T18:16:59","modified_gmt":"2011-07-05T21:16:59","slug":"minha-casa-2-governo-combate-contratos-de-gavetas","status":"publish","type":"post","link":"https:\/\/www.sudoestehoje.com.br\/novoportal\/2011\/07\/05\/minha-casa-2-governo-combate-contratos-de-gavetas\/","title":{"rendered":"MINHA CASA 2: GOVERNO COMBATE CONTRATOS DE GAVETAS"},"content":{"rendered":"<p style=\"text-align: center;\"><img decoding=\"async\" class=\"aligncenter\" src=\"http:\/\/www.bahianoticias.com.br\/sites\/default\/files\/noticias\/2011\/07\/gaveta.jpg\" alt=\"Minha Casa 2: governo combate contratos de gavetas\" \/><\/p>\n<p>Os contratos de gavetas ser\u00e3o combatidos com mais rigor pelo governo nesta segunda etapa do Minha Casa, Minha Vida. De acordo com as instru\u00e7\u00f5es normativas que ser\u00e3o publicadas at\u00e9 o pr\u00f3ximo dia 15 no Di\u00e1rio Oficial da Uni\u00e3o, quem comprar im\u00f3vel do programa e quiser vend\u00ea-lo antes de quitar o financiamento pode ter a negocia\u00e7\u00e3o anulada e ainda vir a perder a casa. A nova regra pune os dois lados envolvidos na opera\u00e7\u00e3o de compra e venda.<\/p>\n<p>De acordo com a secret\u00e1ria nacional de Habita\u00e7\u00e3o, In\u00eas Magalh\u00e3es, a medida valer\u00e1 para empreendimentos adquiridos pelo governo federal de construtoras e depois vendidos \u00e0s fam\u00edlias com renda de at\u00e9 R$ 1.600 mensais, cadastradas em bancos de dados de prefeituras e estados.<\/p>\n<p>&#8220;Se a fam\u00edlia comprar um im\u00f3vel de R$ 50 mil, com presta\u00e7\u00e3o de R$ 100 e quiser antecipar a quita\u00e7\u00e3o antes dos 10 anos, pagar\u00e1 os R$ 50 mil para liquidar, ou seja, n\u00e3o ter\u00e1 direito ao subs\u00eddio&#8221;, explica.<\/p>\n<p>In\u00eas informou que as novas faixas de renda devem entrar em vigor at\u00e9 o dia 15. A primeira passou de R$ 1.395 para R$ 1.600. Nesse caso, um n\u00famero maior de fam\u00edlias ter\u00e1 direito a subs\u00eddio limite de R$ 23 mil. O abatimento para compra da moradia varia de R$ 2 mil a R$ 23 mil. (com informa\u00e7\u00f5es de O Dia)<\/p>\n","protected":false},"excerpt":{"rendered":"<p>Os contratos de gavetas ser\u00e3o combatidos com mais rigor pelo governo nesta segunda etapa do Minha Casa, Minha Vida. De acordo com as instru\u00e7\u00f5es normativas que ser\u00e3o publicadas at\u00e9 o pr\u00f3ximo dia 15 no Di\u00e1rio Oficial da Uni\u00e3o, quem comprar im\u00f3vel do programa e quiser vend\u00ea-lo antes de quitar o financiamento pode ter a negocia\u00e7\u00e3o [&hellip;]<\/p>\n","protected":false},"author":2,"featured_media":0,"comment_status":"open","ping_status":"open","sticky":false,"template":"","format":"standard","meta":{"footnotes":"","_links_to":"","_links_to_target":""},"categories":[1],"tags":[],"class_list":["post-6434","post","type-post","status-publish","format-standard","hentry","category-geral"],"views":1089,"_links":{"self":[{"href":"https:\/\/www.sudoestehoje.com.br\/novoportal\/wp-json\/wp\/v2\/posts\/6434","targetHints":{"allow":["GET"]}}],"collection":[{"href":"https:\/\/www.sudoestehoje.com.br\/novoportal\/wp-json\/wp\/v2\/posts"}],"about":[{"href":"https:\/\/www.sudoestehoje.com.br\/novoportal\/wp-json\/wp\/v2\/types\/post"}],"author":[{"embeddable":true,"href":"https:\/\/www.sudoestehoje.com.br\/novoportal\/wp-json\/wp\/v2\/users\/2"}],"replies":[{"embeddable":true,"href":"https:\/\/www.sudoestehoje.com.br\/novoportal\/wp-json\/wp\/v2\/comments?post=6434"}],"version-history":[{"count":3,"href":"https:\/\/www.sudoestehoje.com.br\/novoportal\/wp-json\/wp\/v2\/posts\/6434\/revisions"}],"predecessor-version":[{"id":6437,"href":"https:\/\/www.sudoestehoje.com.br\/novoportal\/wp-json\/wp\/v2\/posts\/6434\/revisions\/6437"}],"wp:attachment":[{"href":"https:\/\/www.sudoestehoje.com.br\/novoportal\/wp-json\/wp\/v2\/media?parent=6434"}],"wp:term":[{"taxonomy":"category","embeddable":true,"href":"https:\/\/www.sudoestehoje.com.br\/novoportal\/wp-json\/wp\/v2\/categories?post=6434"},{"taxonomy":"post_tag","embeddable":true,"href":"https:\/\/www.sudoestehoje.com.br\/novoportal\/wp-json\/wp\/v2\/tags?post=6434"}],"curies":[{"name":"wp","href":"https:\/\/api.w.org\/{rel}","templated":true}]}}