
{"id":64320,"date":"2017-03-12T19:37:01","date_gmt":"2017-03-12T22:37:01","guid":{"rendered":"http:\/\/www.sudoestehoje.com.br\/novoportal\/?p=64320"},"modified":"2017-03-12T21:35:39","modified_gmt":"2017-03-13T00:35:39","slug":"noticia-sobre-saida-de-liege-bomfim-e-fogo-amigo-plantado-em-midia-de-opoicao","status":"publish","type":"post","link":"https:\/\/www.sudoestehoje.com.br\/novoportal\/2017\/03\/12\/noticia-sobre-saida-de-liege-bomfim-e-fogo-amigo-plantado-em-midia-de-opoicao\/","title":{"rendered":"NOT\u00cdCIA SOBRE SA\u00cdDA DE LIEGE BOMFIM \u00c9 &#8220;FOGO AMIGO&#8221; PLANTADO EM M\u00cdDIA DE OPO$I\u00c7\u00c3O"},"content":{"rendered":"<p><img loading=\"lazy\" decoding=\"async\" class=\"\" src=\"http:\/\/www.itapetinganamidia.com\/wp-content\/uploads\/2016\/12\/Secretariado-Rodrigo-Hagge-8.jpg\" alt=\"Secretariado Rodrigo Hagge (8)\" width=\"500\" height=\"333\" \/><\/p>\n<p>Muitas fofocas t\u00eam rolado nas redes sociais e blogs nanicos, nos \u00faltimos dias, dando conta de uma improv\u00e1vel substitui\u00e7\u00e3o da secret\u00e1ria municipal de sa\u00fade, Liege Bomfim, pelo odont\u00f3logo Helder Serafim, seu assessor na secretaria.<\/p>\n<p>Sempre buscando a verdade dos fatos, o <em>Sudoeste Hoj<\/em>e fez algumas incurs\u00f5es no territ\u00f3rio dos &#8216;Saru\u00eas&#8217; e descobriu que tudo n\u00e3o passa de <em>&#8220;fogo amigo&#8221;<\/em> e que a falsa informa\u00e7\u00e3o foi plantada em um desses blogs que se intitulam de <i>opo$i\u00e7\u00e3o<\/i>, por aliados inconformados com a postura firme de Liege Bomfim, que n\u00e3o transige em suas fun\u00e7\u00f5es e n\u00e3o teria atendido a pedidos de &#8220;coloca\u00e7\u00e3o&#8221; de afilhados pol\u00edticos de aliados, em cargos inexistentes na estrutura da secretaria.<\/p>\n<p>Para dirimir qualquer d\u00favida, o SH tamb\u00e9m manteve contato com o prefeito Rodrigo Hagge, que negou taxativamente qualquer altera\u00e7\u00e3o em sua equipe de governo, neste momento, afirmando que a secret\u00e1ria Liege continua prestigiada no cargo e que n\u00e3o h\u00e1 qualquer raz\u00e3o para substitu\u00ed-la.<\/p>\n<p>Mais uma furada da m\u00eddia desinformada, que chuta mais do que informa. Lembram da &#8216;demiss\u00e3o&#8217; do Secret\u00e1rio de Fazenda Orlando Ribeiro?<\/p>\n<p><strong><em>Por Davi Ferraz<\/em><\/strong><\/p>\n<p><img loading=\"lazy\" decoding=\"async\" class=\"\" src=\"http:\/\/1.bp.blogspot.com\/-4gMAHRphA6k\/UvMG2q4I0VI\/AAAAAAAA5Fs\/XZTqZPydwPc\/s1600\/supermoda2.jpg\" alt=\"Resultado de imagem para SUPERMODA\" width=\"502\" height=\"127\" \/><\/p>\n","protected":false},"excerpt":{"rendered":"<p>Muitas fofocas t\u00eam rolado nas redes sociais e blogs nanicos, nos \u00faltimos dias, dando conta de uma improv\u00e1vel substitui\u00e7\u00e3o da secret\u00e1ria municipal de sa\u00fade, Liege Bomfim, pelo odont\u00f3logo Helder Serafim, seu assessor na secretaria. Sempre buscando a verdade dos fatos, o Sudoeste Hoje fez algumas incurs\u00f5es no territ\u00f3rio dos &#8216;Saru\u00eas&#8217; e descobriu que tudo n\u00e3o [&hellip;]<\/p>\n","protected":false},"author":2,"featured_media":0,"comment_status":"open","ping_status":"open","sticky":false,"template":"","format":"standard","meta":{"footnotes":"","_links_to":"","_links_to_target":""},"categories":[1],"tags":[],"class_list":["post-64320","post","type-post","status-publish","format-standard","hentry","category-geral"],"views":3724,"_links":{"self":[{"href":"https:\/\/www.sudoestehoje.com.br\/novoportal\/wp-json\/wp\/v2\/posts\/64320","targetHints":{"allow":["GET"]}}],"collection":[{"href":"https:\/\/www.sudoestehoje.com.br\/novoportal\/wp-json\/wp\/v2\/posts"}],"about":[{"href":"https:\/\/www.sudoestehoje.com.br\/novoportal\/wp-json\/wp\/v2\/types\/post"}],"author":[{"embeddable":true,"href":"https:\/\/www.sudoestehoje.com.br\/novoportal\/wp-json\/wp\/v2\/users\/2"}],"replies":[{"embeddable":true,"href":"https:\/\/www.sudoestehoje.com.br\/novoportal\/wp-json\/wp\/v2\/comments?post=64320"}],"version-history":[{"count":5,"href":"https:\/\/www.sudoestehoje.com.br\/novoportal\/wp-json\/wp\/v2\/posts\/64320\/revisions"}],"predecessor-version":[{"id":64326,"href":"https:\/\/www.sudoestehoje.com.br\/novoportal\/wp-json\/wp\/v2\/posts\/64320\/revisions\/64326"}],"wp:attachment":[{"href":"https:\/\/www.sudoestehoje.com.br\/novoportal\/wp-json\/wp\/v2\/media?parent=64320"}],"wp:term":[{"taxonomy":"category","embeddable":true,"href":"https:\/\/www.sudoestehoje.com.br\/novoportal\/wp-json\/wp\/v2\/categories?post=64320"},{"taxonomy":"post_tag","embeddable":true,"href":"https:\/\/www.sudoestehoje.com.br\/novoportal\/wp-json\/wp\/v2\/tags?post=64320"}],"curies":[{"name":"wp","href":"https:\/\/api.w.org\/{rel}","templated":true}]}}