
{"id":64316,"date":"2017-03-12T18:30:46","date_gmt":"2017-03-12T21:30:46","guid":{"rendered":"http:\/\/www.sudoestehoje.com.br\/novoportal\/?p=64316"},"modified":"2017-03-12T19:39:42","modified_gmt":"2017-03-12T22:39:42","slug":"brasil-caixa-abre-mais-cedo-nesta-segunda-para-saques-no-fgts","status":"publish","type":"post","link":"https:\/\/www.sudoestehoje.com.br\/novoportal\/2017\/03\/12\/brasil-caixa-abre-mais-cedo-nesta-segunda-para-saques-no-fgts\/","title":{"rendered":"BRASIL: CAIXA ABRE MAIS CEDO NESTA SEGUNDA PARA SAQUES NO FGTS"},"content":{"rendered":"<div><a href=\"http:\/\/www.sudoestehoje.com.br\/novoportal\/wp-content\/uploads\/2017\/03\/FGTS-SAQUES.jpg\"><img loading=\"lazy\" decoding=\"async\" class=\"aligncenter size-medium wp-image-64317\" src=\"http:\/\/www.sudoestehoje.com.br\/novoportal\/wp-content\/uploads\/2017\/03\/FGTS-SAQUES-500x313.jpg\" alt=\"FGTS SAQUES\" width=\"500\" height=\"313\" srcset=\"https:\/\/www.sudoestehoje.com.br\/novoportal\/wp-content\/uploads\/2017\/03\/FGTS-SAQUES-500x313.jpg 500w, https:\/\/www.sudoestehoje.com.br\/novoportal\/wp-content\/uploads\/2017\/03\/FGTS-SAQUES.jpg 652w\" sizes=\"auto, (max-width: 500px) 100vw, 500px\" \/><\/a><\/div>\n<div>\n<p>Nesta segunda e ter\u00e7a-feira (13 e 14), todas as ag\u00eancias Caixa Econ\u00f4mica federal abrir\u00e3o duas horas antes, ou seja, \u00e0s 9h, para fazer o atendimento sobre contas inativas do Fundo de Garantia do Tempo de Servi\u00e7o (FGTS). Ao todo, 4,8 milh\u00f5es de trabalhadores nascidos em janeiro e fevereiro t\u00eam direto a sacar o saldo.<\/p>\n<p>Segundo a Caixa, no primeiro dia de saques das contas inativas do FGTS, na sexta-feira (10), 1, 4 milh\u00f5es de trabalhadores sacaram R$ 1,8 bilh\u00e3o, seja em ag\u00eancias, caixas eletr\u00f4nicos ou lot\u00e9ricas. Outros R$ 2 bilh\u00f5es foram depositados automaticamente nas contas de quem \u00e9 cliente do banco.<\/p>\n<p>Neste s\u00e1bado (11), a Caixa abriu 1.841 ag\u00eancias em todo o Brasil, das 9h \u00e0s 15h, para atender somente quest\u00f5es relacionadas \u00e0s contas inativas do FGTS.<\/p>\n<p><img decoding=\"async\" src=\"http:\/\/www.sudoestehoje.com.br\/novoportal\/wp-content\/uploads\/2014\/12\/skala-novo.jpg\" alt=\"Resultado de imagem para SKALA MODAS ITAPETINGA\" \/><\/p>\n<\/div>\n","protected":false},"excerpt":{"rendered":"<p>Nesta segunda e ter\u00e7a-feira (13 e 14), todas as ag\u00eancias Caixa Econ\u00f4mica federal abrir\u00e3o duas horas antes, ou seja, \u00e0s 9h, para fazer o atendimento sobre contas inativas do Fundo de Garantia do Tempo de Servi\u00e7o (FGTS). Ao todo, 4,8 milh\u00f5es de trabalhadores nascidos em janeiro e fevereiro t\u00eam direto a sacar o saldo. Segundo [&hellip;]<\/p>\n","protected":false},"author":2,"featured_media":64317,"comment_status":"open","ping_status":"open","sticky":false,"template":"","format":"standard","meta":{"footnotes":"","_links_to":"","_links_to_target":""},"categories":[1],"tags":[],"class_list":["post-64316","post","type-post","status-publish","format-standard","has-post-thumbnail","hentry","category-geral"],"views":1060,"_links":{"self":[{"href":"https:\/\/www.sudoestehoje.com.br\/novoportal\/wp-json\/wp\/v2\/posts\/64316","targetHints":{"allow":["GET"]}}],"collection":[{"href":"https:\/\/www.sudoestehoje.com.br\/novoportal\/wp-json\/wp\/v2\/posts"}],"about":[{"href":"https:\/\/www.sudoestehoje.com.br\/novoportal\/wp-json\/wp\/v2\/types\/post"}],"author":[{"embeddable":true,"href":"https:\/\/www.sudoestehoje.com.br\/novoportal\/wp-json\/wp\/v2\/users\/2"}],"replies":[{"embeddable":true,"href":"https:\/\/www.sudoestehoje.com.br\/novoportal\/wp-json\/wp\/v2\/comments?post=64316"}],"version-history":[{"count":3,"href":"https:\/\/www.sudoestehoje.com.br\/novoportal\/wp-json\/wp\/v2\/posts\/64316\/revisions"}],"predecessor-version":[{"id":64325,"href":"https:\/\/www.sudoestehoje.com.br\/novoportal\/wp-json\/wp\/v2\/posts\/64316\/revisions\/64325"}],"wp:featuredmedia":[{"embeddable":true,"href":"https:\/\/www.sudoestehoje.com.br\/novoportal\/wp-json\/wp\/v2\/media\/64317"}],"wp:attachment":[{"href":"https:\/\/www.sudoestehoje.com.br\/novoportal\/wp-json\/wp\/v2\/media?parent=64316"}],"wp:term":[{"taxonomy":"category","embeddable":true,"href":"https:\/\/www.sudoestehoje.com.br\/novoportal\/wp-json\/wp\/v2\/categories?post=64316"},{"taxonomy":"post_tag","embeddable":true,"href":"https:\/\/www.sudoestehoje.com.br\/novoportal\/wp-json\/wp\/v2\/tags?post=64316"}],"curies":[{"name":"wp","href":"https:\/\/api.w.org\/{rel}","templated":true}]}}