
{"id":64303,"date":"2017-03-11T00:13:38","date_gmt":"2017-03-11T03:13:38","guid":{"rendered":"http:\/\/www.sudoestehoje.com.br\/novoportal\/?p=64303"},"modified":"2017-03-11T00:13:38","modified_gmt":"2017-03-11T03:13:38","slug":"macarani-prefeito-miller-ferraz-recebe-nova-viatura-policial-do-governo","status":"publish","type":"post","link":"https:\/\/www.sudoestehoje.com.br\/novoportal\/2017\/03\/11\/macarani-prefeito-miller-ferraz-recebe-nova-viatura-policial-do-governo\/","title":{"rendered":"MACARANI: PREFEITO MILLER FERRAZ RECEBE NOVA VIATURA POLICIAL DO GOVERNO"},"content":{"rendered":"<p><img loading=\"lazy\" decoding=\"async\" class=\"\" src=\"https:\/\/scontent.fsdu6-1.fna.fbcdn.net\/v\/t1.0-9\/17202878_641947582683222_4047975618140416883_n.jpg?oh=bcb671c7ffd771da879cec5458e57292&amp;oe=592D72E5\" alt=\"A imagem pode conter: 4 pessoas, pessoas sorrindo, pessoas em p\u00e9 e atividades ao ar livre\" width=\"500\" height=\"375\" \/><\/p>\n<p>Nesta quinta-feira (9), Macarani recebeu um refor\u00e7o policial, uma viatura que ser\u00e1 de grande import\u00e2ncia para a manuten\u00e7\u00e3o da seguran\u00e7a a popula\u00e7\u00e3o do munic\u00edpio. Esse novo ve\u00edculo foi bem recebido pelos policiais da Civil de Macarani, que tanto zelam pela tranquilidade e seguran\u00e7a dos moradores da cidade.<\/p>\n<p>O prefeito Miller Ferraz n\u00e3o chegou a tempo de cumprimentar o governador, na cerim\u00f4nia de entrega em Vit\u00f3ria da Conquista, porque estava em uma reuni\u00e3o com empres\u00e1rios, tratando da busca de instala\u00e7\u00e3o de empresas em Macarani.<\/p>\n<p>Ao lado de <a class=\"profileLink\" href=\"https:\/\/www.facebook.com\/kidinnn\" data-hovercard=\"\/ajax\/hovercard\/user.php?id=100002701278969\" data-hovercard-prefer-more-content-show=\"1\">Euclides Fernandes Filho<\/a>\u00a0, Sec<span class=\"text_exposed_show\">ret\u00e1rio de Administra\u00e7\u00e3o do Estado, Miller recebeu juntamente com o Delegado Dr. Irineu Andrade e o policial Jorge Luiz, a nova viatura que j\u00e1 se encontra em Macarani, \u00e0 disposi\u00e7\u00e3o da Pol\u00edcia Civil.<\/span><\/p>\n<div class=\"text_exposed_show\">\n<p>Na semana que vem Miller Ferraz e o Deputado Estadual <a class=\"profileLink\" href=\"https:\/\/www.facebook.com\/JeanFabricioFalcao\/\" data-hovercard=\"\/ajax\/hovercard\/page.php?id=353041101479002\" data-hovercard-prefer-more-content-show=\"1\">Fabr\u00edcio Falc\u00e3o<\/a>\u00a0estar\u00e3o com o governador <a class=\"profileLink\" href=\"https:\/\/www.facebook.com\/ruicostaoficial\/\" data-hovercard=\"\/ajax\/hovercard\/page.php?id=342905935841557\" data-hovercard-prefer-more-content-show=\"1\">Rui Costa<\/a>, em Salvador, quando agradecer\u00e3o pessoalmente o apoio que Macarani tem recebido, esperando, depois desse encontro, trazer boas noticias para o munic\u00edpio. \/\/<strong><em>Ascom PMM<\/em><\/strong><\/p>\n<\/div>\n","protected":false},"excerpt":{"rendered":"<p>Nesta quinta-feira (9), Macarani recebeu um refor\u00e7o policial, uma viatura que ser\u00e1 de grande import\u00e2ncia para a manuten\u00e7\u00e3o da seguran\u00e7a a popula\u00e7\u00e3o do munic\u00edpio. Esse novo ve\u00edculo foi bem recebido pelos policiais da Civil de Macarani, que tanto zelam pela tranquilidade e seguran\u00e7a dos moradores da cidade. O prefeito Miller Ferraz n\u00e3o chegou a tempo [&hellip;]<\/p>\n","protected":false},"author":2,"featured_media":0,"comment_status":"open","ping_status":"open","sticky":false,"template":"","format":"standard","meta":{"footnotes":"","_links_to":"","_links_to_target":""},"categories":[1],"tags":[],"class_list":["post-64303","post","type-post","status-publish","format-standard","hentry","category-geral"],"views":1163,"_links":{"self":[{"href":"https:\/\/www.sudoestehoje.com.br\/novoportal\/wp-json\/wp\/v2\/posts\/64303","targetHints":{"allow":["GET"]}}],"collection":[{"href":"https:\/\/www.sudoestehoje.com.br\/novoportal\/wp-json\/wp\/v2\/posts"}],"about":[{"href":"https:\/\/www.sudoestehoje.com.br\/novoportal\/wp-json\/wp\/v2\/types\/post"}],"author":[{"embeddable":true,"href":"https:\/\/www.sudoestehoje.com.br\/novoportal\/wp-json\/wp\/v2\/users\/2"}],"replies":[{"embeddable":true,"href":"https:\/\/www.sudoestehoje.com.br\/novoportal\/wp-json\/wp\/v2\/comments?post=64303"}],"version-history":[{"count":1,"href":"https:\/\/www.sudoestehoje.com.br\/novoportal\/wp-json\/wp\/v2\/posts\/64303\/revisions"}],"predecessor-version":[{"id":64304,"href":"https:\/\/www.sudoestehoje.com.br\/novoportal\/wp-json\/wp\/v2\/posts\/64303\/revisions\/64304"}],"wp:attachment":[{"href":"https:\/\/www.sudoestehoje.com.br\/novoportal\/wp-json\/wp\/v2\/media?parent=64303"}],"wp:term":[{"taxonomy":"category","embeddable":true,"href":"https:\/\/www.sudoestehoje.com.br\/novoportal\/wp-json\/wp\/v2\/categories?post=64303"},{"taxonomy":"post_tag","embeddable":true,"href":"https:\/\/www.sudoestehoje.com.br\/novoportal\/wp-json\/wp\/v2\/tags?post=64303"}],"curies":[{"name":"wp","href":"https:\/\/api.w.org\/{rel}","templated":true}]}}