
{"id":643,"date":"2010-09-27T12:17:22","date_gmt":"2010-09-27T15:17:22","guid":{"rendered":"http:\/\/sudoestehoje.tempsite.ws\/novoportal\/?p=643"},"modified":"2010-09-27T12:17:22","modified_gmt":"2010-09-27T15:17:22","slug":"tiririca-vai-ter-que-provar-que-nao-e-analfabeto","status":"publish","type":"post","link":"https:\/\/www.sudoestehoje.com.br\/novoportal\/2010\/09\/27\/tiririca-vai-ter-que-provar-que-nao-e-analfabeto\/","title":{"rendered":"Tiririca vai ter que provar que n\u00e3o \u00e9 analfabeto"},"content":{"rendered":"<p style=\"text-align: center;\"><a href=\"http:\/\/www.politicalivre.com.br\/wp-content\/uploads\/2010\/08\/tiririca.jpg\"><img loading=\"lazy\" decoding=\"async\" class=\"aligncenter\" title=\"tiririca\" src=\"http:\/\/www.politicalivre.com.br\/wp-content\/uploads\/2010\/08\/tiririca.jpg\" alt=\"\" width=\"175\" height=\"230\" \/><\/a>\u00a0Humorista \u00e9 candidato a deputado federal<\/p>\n<p>\u00a0O humorista Tiririca, candidato a deputado federal pelo PR, pode ser chamado a esclarecer \u00e0 Justi\u00e7a Eleitoral se sabe ler e escrever \u2013 condi\u00e7\u00e3o obrigat\u00f3ria aos candidatos segundo a Constitui\u00e7\u00e3o. O procurador-regional eleitoral, Pedro Barbosa, analisa nesta segunda-feira o pedido da Promotoria da 1\u00aa Zona Eleitoral de S\u00e3o Paulo para que Tiririca, cujo nome verdadeiro \u00e9 Francisco Everardo Oliveira Silva, fa\u00e7a um teste de leitura e escrita.\u00a0A den\u00fancia de que Tiririca seria analfabeto foi publicada pela revista \u201c\u00c9poca\u201d, que em mais de uma ocasi\u00e3o pediu ao candidato que lesse um texto, o que foi feito por assessores dele. A revista tamb\u00e9m ouviu pessoas pr\u00f3ximas do artista que disseram que ele seria analfabeto. Caso fique comprovado que Tiririca n\u00e3o l\u00ea nem escreve, ele pode ter sua candidatura cassada. (O Globo)<\/p>\n","protected":false},"excerpt":{"rendered":"<p>\u00a0Humorista \u00e9 candidato a deputado federal \u00a0O humorista Tiririca, candidato a deputado federal pelo PR, pode ser chamado a esclarecer \u00e0 Justi\u00e7a Eleitoral se sabe ler e escrever \u2013 condi\u00e7\u00e3o obrigat\u00f3ria aos candidatos segundo a Constitui\u00e7\u00e3o. O procurador-regional eleitoral, Pedro Barbosa, analisa nesta segunda-feira o pedido da Promotoria da 1\u00aa Zona Eleitoral de S\u00e3o Paulo [&hellip;]<\/p>\n","protected":false},"author":2,"featured_media":0,"comment_status":"open","ping_status":"open","sticky":false,"template":"","format":"standard","meta":{"footnotes":"","_links_to":"","_links_to_target":""},"categories":[6],"tags":[],"class_list":["post-643","post","type-post","status-publish","format-standard","hentry","category-brasil"],"views":1629,"_links":{"self":[{"href":"https:\/\/www.sudoestehoje.com.br\/novoportal\/wp-json\/wp\/v2\/posts\/643","targetHints":{"allow":["GET"]}}],"collection":[{"href":"https:\/\/www.sudoestehoje.com.br\/novoportal\/wp-json\/wp\/v2\/posts"}],"about":[{"href":"https:\/\/www.sudoestehoje.com.br\/novoportal\/wp-json\/wp\/v2\/types\/post"}],"author":[{"embeddable":true,"href":"https:\/\/www.sudoestehoje.com.br\/novoportal\/wp-json\/wp\/v2\/users\/2"}],"replies":[{"embeddable":true,"href":"https:\/\/www.sudoestehoje.com.br\/novoportal\/wp-json\/wp\/v2\/comments?post=643"}],"version-history":[{"count":2,"href":"https:\/\/www.sudoestehoje.com.br\/novoportal\/wp-json\/wp\/v2\/posts\/643\/revisions"}],"predecessor-version":[{"id":645,"href":"https:\/\/www.sudoestehoje.com.br\/novoportal\/wp-json\/wp\/v2\/posts\/643\/revisions\/645"}],"wp:attachment":[{"href":"https:\/\/www.sudoestehoje.com.br\/novoportal\/wp-json\/wp\/v2\/media?parent=643"}],"wp:term":[{"taxonomy":"category","embeddable":true,"href":"https:\/\/www.sudoestehoje.com.br\/novoportal\/wp-json\/wp\/v2\/categories?post=643"},{"taxonomy":"post_tag","embeddable":true,"href":"https:\/\/www.sudoestehoje.com.br\/novoportal\/wp-json\/wp\/v2\/tags?post=643"}],"curies":[{"name":"wp","href":"https:\/\/api.w.org\/{rel}","templated":true}]}}