
{"id":64298,"date":"2017-03-10T23:28:45","date_gmt":"2017-03-11T02:28:45","guid":{"rendered":"http:\/\/www.sudoestehoje.com.br\/novoportal\/?p=64298"},"modified":"2017-03-10T23:28:45","modified_gmt":"2017-03-11T02:28:45","slug":"itapetinga-denuncia-anonima-leva-a-prisao-de-estuprador-no-quintas-do-sul","status":"publish","type":"post","link":"https:\/\/www.sudoestehoje.com.br\/novoportal\/2017\/03\/10\/itapetinga-denuncia-anonima-leva-a-prisao-de-estuprador-no-quintas-do-sul\/","title":{"rendered":"ITAPETINGA: DEN\u00daNCIA AN\u00d4NIMA LEVA \u00c0 PRIS\u00c3O DE ESTUPRADOR NO QUINTAS DO SUL"},"content":{"rendered":"<p>&nbsp;<\/p>\n<p><a href=\"http:\/\/www.sudoestehoje.com.br\/novoportal\/wp-content\/uploads\/2017\/03\/estupro.jpg\"><img loading=\"lazy\" decoding=\"async\" class=\"aligncenter  wp-image-64300\" src=\"http:\/\/www.sudoestehoje.com.br\/novoportal\/wp-content\/uploads\/2017\/03\/estupro.jpg\" alt=\"estupro\" width=\"501\" height=\"347\" \/><\/a><\/p>\n<p>Ap\u00f3s den\u00fancia an\u00f4nima sobre um indiv\u00edduo com mandado de pris\u00e3o em aberto por estupro de vulner\u00e1vel no estado de S\u00e3o Paulo, uma guarni\u00e7\u00e3o do 1\u00ba Pelot\u00e3o da 8\u00aaCIPM deslocou at\u00e9 o bairro Quintas do Sul, em Itapetinga, por volta das 17h dessa quinta (09), e localizou <b id=\"yui_3_16_0_ym19_1_1489196177859_6662\"><i id=\"yui_3_16_0_ym19_1_1489196177859_6661\"><span id=\"yui_3_16_0_ym19_1_1489196177859_6660\">Renato de Jesus Santos Pereira<\/span><\/i><\/b>\u00a0(34 anos).<\/p>\n<p>Ao verificar a situa\u00e7\u00e3o do indiv\u00edduo, foi constatado que de fato este tem em seu desfavor um mandado pelo referido crime. O indiv\u00edduo foi conduzido e apresentado na DP de Itapetinga para ado\u00e7\u00e3o de procedimento padr\u00e3o. <strong><em>Ascom\u00a08\u00aaCIPM<\/em><\/strong><\/p>\n","protected":false},"excerpt":{"rendered":"<p>&nbsp; Ap\u00f3s den\u00fancia an\u00f4nima sobre um indiv\u00edduo com mandado de pris\u00e3o em aberto por estupro de vulner\u00e1vel no estado de S\u00e3o Paulo, uma guarni\u00e7\u00e3o do 1\u00ba Pelot\u00e3o da 8\u00aaCIPM deslocou at\u00e9 o bairro Quintas do Sul, em Itapetinga, por volta das 17h dessa quinta (09), e localizou Renato de Jesus Santos Pereira\u00a0(34 anos). Ao verificar [&hellip;]<\/p>\n","protected":false},"author":2,"featured_media":64300,"comment_status":"open","ping_status":"open","sticky":false,"template":"","format":"standard","meta":{"footnotes":"","_links_to":"","_links_to_target":""},"categories":[1],"tags":[],"class_list":["post-64298","post","type-post","status-publish","format-standard","has-post-thumbnail","hentry","category-geral"],"views":1900,"_links":{"self":[{"href":"https:\/\/www.sudoestehoje.com.br\/novoportal\/wp-json\/wp\/v2\/posts\/64298","targetHints":{"allow":["GET"]}}],"collection":[{"href":"https:\/\/www.sudoestehoje.com.br\/novoportal\/wp-json\/wp\/v2\/posts"}],"about":[{"href":"https:\/\/www.sudoestehoje.com.br\/novoportal\/wp-json\/wp\/v2\/types\/post"}],"author":[{"embeddable":true,"href":"https:\/\/www.sudoestehoje.com.br\/novoportal\/wp-json\/wp\/v2\/users\/2"}],"replies":[{"embeddable":true,"href":"https:\/\/www.sudoestehoje.com.br\/novoportal\/wp-json\/wp\/v2\/comments?post=64298"}],"version-history":[{"count":2,"href":"https:\/\/www.sudoestehoje.com.br\/novoportal\/wp-json\/wp\/v2\/posts\/64298\/revisions"}],"predecessor-version":[{"id":64302,"href":"https:\/\/www.sudoestehoje.com.br\/novoportal\/wp-json\/wp\/v2\/posts\/64298\/revisions\/64302"}],"wp:featuredmedia":[{"embeddable":true,"href":"https:\/\/www.sudoestehoje.com.br\/novoportal\/wp-json\/wp\/v2\/media\/64300"}],"wp:attachment":[{"href":"https:\/\/www.sudoestehoje.com.br\/novoportal\/wp-json\/wp\/v2\/media?parent=64298"}],"wp:term":[{"taxonomy":"category","embeddable":true,"href":"https:\/\/www.sudoestehoje.com.br\/novoportal\/wp-json\/wp\/v2\/categories?post=64298"},{"taxonomy":"post_tag","embeddable":true,"href":"https:\/\/www.sudoestehoje.com.br\/novoportal\/wp-json\/wp\/v2\/tags?post=64298"}],"curies":[{"name":"wp","href":"https:\/\/api.w.org\/{rel}","templated":true}]}}