
{"id":6429,"date":"2011-07-05T18:10:35","date_gmt":"2011-07-05T21:10:35","guid":{"rendered":"http:\/\/www.sudoestehoje.com.br\/novoportal\/?p=6429"},"modified":"2011-07-05T18:10:35","modified_gmt":"2011-07-05T21:10:35","slug":"lidice-defende-que-aeroporto-volte-a-se-chamar-2-de-julho","status":"publish","type":"post","link":"https:\/\/www.sudoestehoje.com.br\/novoportal\/2011\/07\/05\/lidice-defende-que-aeroporto-volte-a-se-chamar-2-de-julho\/","title":{"rendered":"L\u00cdDICE DEFENDE QUE AEROPORTO VOLTE A SE CHAMAR &#8216;2 DE JULHO&#8217;"},"content":{"rendered":"<p style=\"text-align: center;\"><img decoding=\"async\" class=\"aligncenter\" src=\"http:\/\/www.canelaneles.com.br\/media\/arquivos\/noticia\/3076.jpg\" alt=\"\" \/><\/p>\n<p style=\"text-align: center;\"><em><strong>Senadora L\u00eddice da Mata (PSB &#8211; BA)<\/strong><\/em><\/p>\n<p>\u00a0<\/p>\n<p>A senadora baiana L\u00eddice da Mata (PSB) defendeu, nesta ter\u00e7a-feira (5), que o Aeroporto Internacional de Salvador \u2013 Deputado Luis Eduardo Magalh\u00e3es \u2013 volte a se chamar 2 de Julho. Em seu discurso durante a Sess\u00e3o especial do Senado em homenagem a Independ\u00eancia da Bahia, a parlamentar afirmou que todas as homenagens ao ex-deputado federal, que morreu em 1998, j\u00e1 foram feitas. \u201cN\u00e3o se trata de revanchismo, at\u00e9 porque minha fase de brigona j\u00e1 passou h\u00e1 muito tempo\u201d, revelou.<\/p>\n<p>L\u00eddice ressaltou, ainda, que a mudan\u00e7a para o antigo nome \u00e9 negociada com a fam\u00edlia do pol\u00edtico. \u201cSe o aeroporto tivesse qualquer outro nome n\u00e3o haveria essa discuss\u00e3o, mas a import\u00e2ncia da data representa muito para todo o povo baiano\u201d, disse. O projeto para a mudan\u00e7a, do deputado Luis Alberto (PT-BA), j\u00e1 recebeu parecer favor\u00e1vel na C\u00e2mara e\u00a0depende agora da\u00a0vota\u00e7\u00e3o no Senado. BN<\/p>\n","protected":false},"excerpt":{"rendered":"<p>Senadora L\u00eddice da Mata (PSB &#8211; BA) \u00a0 A senadora baiana L\u00eddice da Mata (PSB) defendeu, nesta ter\u00e7a-feira (5), que o Aeroporto Internacional de Salvador \u2013 Deputado Luis Eduardo Magalh\u00e3es \u2013 volte a se chamar 2 de Julho. Em seu discurso durante a Sess\u00e3o especial do Senado em homenagem a Independ\u00eancia da Bahia, a parlamentar [&hellip;]<\/p>\n","protected":false},"author":2,"featured_media":0,"comment_status":"open","ping_status":"open","sticky":false,"template":"","format":"standard","meta":{"footnotes":"","_links_to":"","_links_to_target":""},"categories":[1],"tags":[],"class_list":["post-6429","post","type-post","status-publish","format-standard","hentry","category-geral"],"views":1304,"_links":{"self":[{"href":"https:\/\/www.sudoestehoje.com.br\/novoportal\/wp-json\/wp\/v2\/posts\/6429","targetHints":{"allow":["GET"]}}],"collection":[{"href":"https:\/\/www.sudoestehoje.com.br\/novoportal\/wp-json\/wp\/v2\/posts"}],"about":[{"href":"https:\/\/www.sudoestehoje.com.br\/novoportal\/wp-json\/wp\/v2\/types\/post"}],"author":[{"embeddable":true,"href":"https:\/\/www.sudoestehoje.com.br\/novoportal\/wp-json\/wp\/v2\/users\/2"}],"replies":[{"embeddable":true,"href":"https:\/\/www.sudoestehoje.com.br\/novoportal\/wp-json\/wp\/v2\/comments?post=6429"}],"version-history":[{"count":4,"href":"https:\/\/www.sudoestehoje.com.br\/novoportal\/wp-json\/wp\/v2\/posts\/6429\/revisions"}],"predecessor-version":[{"id":6433,"href":"https:\/\/www.sudoestehoje.com.br\/novoportal\/wp-json\/wp\/v2\/posts\/6429\/revisions\/6433"}],"wp:attachment":[{"href":"https:\/\/www.sudoestehoje.com.br\/novoportal\/wp-json\/wp\/v2\/media?parent=6429"}],"wp:term":[{"taxonomy":"category","embeddable":true,"href":"https:\/\/www.sudoestehoje.com.br\/novoportal\/wp-json\/wp\/v2\/categories?post=6429"},{"taxonomy":"post_tag","embeddable":true,"href":"https:\/\/www.sudoestehoje.com.br\/novoportal\/wp-json\/wp\/v2\/tags?post=6429"}],"curies":[{"name":"wp","href":"https:\/\/api.w.org\/{rel}","templated":true}]}}