
{"id":64283,"date":"2017-03-10T17:06:24","date_gmt":"2017-03-10T20:06:24","guid":{"rendered":"http:\/\/www.sudoestehoje.com.br\/novoportal\/?p=64283"},"modified":"2017-03-10T17:06:24","modified_gmt":"2017-03-10T20:06:24","slug":"brasil-enem-sera-realizado-em-dois-domingos-no-mes-de-novembro","status":"publish","type":"post","link":"https:\/\/www.sudoestehoje.com.br\/novoportal\/2017\/03\/10\/brasil-enem-sera-realizado-em-dois-domingos-no-mes-de-novembro\/","title":{"rendered":"BRASIL: ENEM SER\u00c1 REALIZADO EM DOIS DOMINGOS NO M\u00caS DE NOVEMBRO"},"content":{"rendered":"<header class=\"single-header\">\n<p class=\"single-title\"><a href=\"http:\/\/www.sudoestehoje.com.br\/novoportal\/wp-content\/uploads\/2017\/03\/ENEM.jpg\"><img loading=\"lazy\" decoding=\"async\" class=\"aligncenter size-medium wp-image-64284\" src=\"http:\/\/www.sudoestehoje.com.br\/novoportal\/wp-content\/uploads\/2017\/03\/ENEM-500x284.jpg\" alt=\"ENEM\" width=\"500\" height=\"284\" \/><\/a><\/p>\n<p class=\"single-title\">O Minist\u00e9rio da Educa\u00e7\u00e3o (MEC) anunciou mudan\u00e7as no Exame Nacional do Ensino M\u00e9dio (Enem) que, este ano, ser\u00e1 realizado em dois domingos consecutivos \u2013 <strong>dias 5 e 12 de novembro<\/strong> \u2013 e n\u00e3o mais em um \u00fanico fim de semana. As inscri\u00e7\u00f5es estar\u00e3o abertas de 8 a 19 de maio.<\/p>\n<\/header>\n<div class=\"single-text\">\n<p class=\"bodytext\">A medida dever\u00e1 beneficiar os sabatistas, integrantes de religi\u00f5es que guardam o s\u00e1bado. At\u00e9 o ano passado, eles tinham que ficar isolados em uma sala das 13h (hor\u00e1rio de in\u00edcio da prova) at\u00e9 o sol de p\u00f4r e faziam as provas de s\u00e1bado \u00e0 noite.<\/p>\n<p class=\"bodytext\">Os candidatos interessados em fazer o exame devem pagar uma taxa de inscri\u00e7\u00e3o. S\u00e3o isentos do pagamento da taxa os estudantes concluintes do ensino m\u00e9dio em escolas p\u00fablicas e os participantes de baixa renda. Os estudantes isentos que n\u00e3o comparecerem e n\u00e3o justificarem a aus\u00eancia perder\u00e3o o benef\u00edcio em 2018, caso queiram fazer a prova novamente.<\/p>\n<p class=\"bodytext\">Outra mudan\u00e7a \u00e9 que os cadernos de prova ser\u00e3o identificados com o nome e o n\u00famero de inscri\u00e7\u00e3o do candidato na capa. As mudan\u00e7as foram feitas com base em consulta p\u00fablica realizada pelo minist\u00e9rio.<\/p>\n<p class=\"bodytext\">As inscri\u00e7\u00f5es para o Enem 2017 ser\u00e3o abertas entre os dias 8 e 19 de maio de 2017. De acordo com o MEC, O edital com mais informa\u00e7\u00f5es sobre o exame ser\u00e1 publicado at\u00e9 o dia 10 de abril.<\/p>\n<\/div>\n","protected":false},"excerpt":{"rendered":"<p>O Minist\u00e9rio da Educa\u00e7\u00e3o (MEC) anunciou mudan\u00e7as no Exame Nacional do Ensino M\u00e9dio (Enem) que, este ano, ser\u00e1 realizado em dois domingos consecutivos \u2013 dias 5 e 12 de novembro \u2013 e n\u00e3o mais em um \u00fanico fim de semana. As inscri\u00e7\u00f5es estar\u00e3o abertas de 8 a 19 de maio. A medida dever\u00e1 beneficiar os [&hellip;]<\/p>\n","protected":false},"author":2,"featured_media":64284,"comment_status":"open","ping_status":"open","sticky":false,"template":"","format":"standard","meta":{"footnotes":"","_links_to":"","_links_to_target":""},"categories":[1],"tags":[],"class_list":["post-64283","post","type-post","status-publish","format-standard","has-post-thumbnail","hentry","category-geral"],"views":1028,"_links":{"self":[{"href":"https:\/\/www.sudoestehoje.com.br\/novoportal\/wp-json\/wp\/v2\/posts\/64283","targetHints":{"allow":["GET"]}}],"collection":[{"href":"https:\/\/www.sudoestehoje.com.br\/novoportal\/wp-json\/wp\/v2\/posts"}],"about":[{"href":"https:\/\/www.sudoestehoje.com.br\/novoportal\/wp-json\/wp\/v2\/types\/post"}],"author":[{"embeddable":true,"href":"https:\/\/www.sudoestehoje.com.br\/novoportal\/wp-json\/wp\/v2\/users\/2"}],"replies":[{"embeddable":true,"href":"https:\/\/www.sudoestehoje.com.br\/novoportal\/wp-json\/wp\/v2\/comments?post=64283"}],"version-history":[{"count":1,"href":"https:\/\/www.sudoestehoje.com.br\/novoportal\/wp-json\/wp\/v2\/posts\/64283\/revisions"}],"predecessor-version":[{"id":64285,"href":"https:\/\/www.sudoestehoje.com.br\/novoportal\/wp-json\/wp\/v2\/posts\/64283\/revisions\/64285"}],"wp:featuredmedia":[{"embeddable":true,"href":"https:\/\/www.sudoestehoje.com.br\/novoportal\/wp-json\/wp\/v2\/media\/64284"}],"wp:attachment":[{"href":"https:\/\/www.sudoestehoje.com.br\/novoportal\/wp-json\/wp\/v2\/media?parent=64283"}],"wp:term":[{"taxonomy":"category","embeddable":true,"href":"https:\/\/www.sudoestehoje.com.br\/novoportal\/wp-json\/wp\/v2\/categories?post=64283"},{"taxonomy":"post_tag","embeddable":true,"href":"https:\/\/www.sudoestehoje.com.br\/novoportal\/wp-json\/wp\/v2\/tags?post=64283"}],"curies":[{"name":"wp","href":"https:\/\/api.w.org\/{rel}","templated":true}]}}