
{"id":64278,"date":"2017-03-09T11:11:11","date_gmt":"2017-03-09T14:11:11","guid":{"rendered":"http:\/\/www.sudoestehoje.com.br\/novoportal\/?p=64278"},"modified":"2017-03-09T11:11:11","modified_gmt":"2017-03-09T14:11:11","slug":"em-conquista-rui-diz-que-licitacao-da-barragem-do-catole-ja-esta-na-rua","status":"publish","type":"post","link":"https:\/\/www.sudoestehoje.com.br\/novoportal\/2017\/03\/09\/em-conquista-rui-diz-que-licitacao-da-barragem-do-catole-ja-esta-na-rua\/","title":{"rendered":"EM CONQUISTA, RUI DIZ QUE LICITA\u00c7\u00c3O DA BARRAGEM DO CATOL\u00c9 &#8220;J\u00c1 EST\u00c1 NA RUA&#8221;"},"content":{"rendered":"<p><a href=\"http:\/\/www.sudoestehoje.com.br\/novoportal\/wp-content\/uploads\/2017\/03\/rui-c.jpg\"><img loading=\"lazy\" decoding=\"async\" class=\"aligncenter size-medium wp-image-64279\" src=\"http:\/\/www.sudoestehoje.com.br\/novoportal\/wp-content\/uploads\/2017\/03\/rui-c-500x310.jpg\" alt=\"rui c\" width=\"500\" height=\"310\" \/><\/a><\/p>\n<p>Assim que desembarcou no aeroporto Pedro Otac\u00edlio de Figueiredo, em Vit\u00f3ria da Conquista, por volta das 9h, o governador do Estado da Bahia, Rui Costa, atendeu a imprensa que estava no local.\u00a0De cara, o mandat\u00e1rio foi questionado pelos jornalista sobre problema da falta de \u00e1gua na cidade.<\/p>\n<p><em>\u201cEm Conquista falta \u00e1gua porque n\u00e3o tem \u00e1gua, a cidade cresceu, mas n\u00f3s estamos tomando as provid\u00eancias. Daqui duas semanas estarei acompanhando a obra da adutora do Rio Gavi\u00e3ozinho, que s\u00e3o investimentos de mais de R$4 milh\u00f5es e<strong> a licita\u00e7\u00e3o da barragem do Rio Catol\u00e9 j\u00e1 est\u00e1 na rua<\/strong>\u201d<\/em>, disse.<\/p>\n<p>O problema do abastecimento de \u00e1gua em Vit\u00f3ria da Conquista se arrasta h\u00e1 mais de 20 anos, e esta n\u00e3o \u00e9 a primeira vez que o governador Rui Costa e seu antecessor Jaques Wagner prometem resolv\u00ea-lo, inclusive assinando in\u00fameras &#8216;ordens de servi\u00e7o&#8217; para constru\u00e7\u00e3o das barragens.<\/p>\n<p>Pelo andar da carruagem, a prometida e reprometida constru\u00e7\u00e3o da barragem do Catol\u00e9 vai continuar &#8216;<em>na rua da amargura&#8217;.<\/em><\/p>\n<p><strong><em>Por Davi Ferraz<\/em> <\/strong>\/\/<em>Com informa\u00e7\u00f5es do Blog do Rodrigo Ferraz<\/em><\/p>\n","protected":false},"excerpt":{"rendered":"<p>Assim que desembarcou no aeroporto Pedro Otac\u00edlio de Figueiredo, em Vit\u00f3ria da Conquista, por volta das 9h, o governador do Estado da Bahia, Rui Costa, atendeu a imprensa que estava no local.\u00a0De cara, o mandat\u00e1rio foi questionado pelos jornalista sobre problema da falta de \u00e1gua na cidade. \u201cEm Conquista falta \u00e1gua porque n\u00e3o tem \u00e1gua, [&hellip;]<\/p>\n","protected":false},"author":2,"featured_media":64279,"comment_status":"open","ping_status":"open","sticky":false,"template":"","format":"standard","meta":{"footnotes":"","_links_to":"","_links_to_target":""},"categories":[1],"tags":[],"class_list":["post-64278","post","type-post","status-publish","format-standard","has-post-thumbnail","hentry","category-geral"],"views":190,"_links":{"self":[{"href":"https:\/\/www.sudoestehoje.com.br\/novoportal\/wp-json\/wp\/v2\/posts\/64278","targetHints":{"allow":["GET"]}}],"collection":[{"href":"https:\/\/www.sudoestehoje.com.br\/novoportal\/wp-json\/wp\/v2\/posts"}],"about":[{"href":"https:\/\/www.sudoestehoje.com.br\/novoportal\/wp-json\/wp\/v2\/types\/post"}],"author":[{"embeddable":true,"href":"https:\/\/www.sudoestehoje.com.br\/novoportal\/wp-json\/wp\/v2\/users\/2"}],"replies":[{"embeddable":true,"href":"https:\/\/www.sudoestehoje.com.br\/novoportal\/wp-json\/wp\/v2\/comments?post=64278"}],"version-history":[{"count":3,"href":"https:\/\/www.sudoestehoje.com.br\/novoportal\/wp-json\/wp\/v2\/posts\/64278\/revisions"}],"predecessor-version":[{"id":64282,"href":"https:\/\/www.sudoestehoje.com.br\/novoportal\/wp-json\/wp\/v2\/posts\/64278\/revisions\/64282"}],"wp:featuredmedia":[{"embeddable":true,"href":"https:\/\/www.sudoestehoje.com.br\/novoportal\/wp-json\/wp\/v2\/media\/64279"}],"wp:attachment":[{"href":"https:\/\/www.sudoestehoje.com.br\/novoportal\/wp-json\/wp\/v2\/media?parent=64278"}],"wp:term":[{"taxonomy":"category","embeddable":true,"href":"https:\/\/www.sudoestehoje.com.br\/novoportal\/wp-json\/wp\/v2\/categories?post=64278"},{"taxonomy":"post_tag","embeddable":true,"href":"https:\/\/www.sudoestehoje.com.br\/novoportal\/wp-json\/wp\/v2\/tags?post=64278"}],"curies":[{"name":"wp","href":"https:\/\/api.w.org\/{rel}","templated":true}]}}