
{"id":64255,"date":"2017-03-06T20:33:33","date_gmt":"2017-03-06T23:33:33","guid":{"rendered":"http:\/\/www.sudoestehoje.com.br\/novoportal\/?p=64255"},"modified":"2017-03-06T20:33:33","modified_gmt":"2017-03-06T23:33:33","slug":"fundacao-jose-silveira-comemora-80-anos-com-destaque-para-trabalho-realizado-em-itapetinga","status":"publish","type":"post","link":"https:\/\/www.sudoestehoje.com.br\/novoportal\/2017\/03\/06\/fundacao-jose-silveira-comemora-80-anos-com-destaque-para-trabalho-realizado-em-itapetinga\/","title":{"rendered":"FUNDA\u00c7\u00c3O JOS\u00c9 SILVEIRA COMEMORA 80 ANOS COM DESTAQUE PARA TRABALHO REALIZADO EM ITAPETINGA"},"content":{"rendered":"<p><img loading=\"lazy\" decoding=\"async\" class=\"\" src=\"https:\/\/scontent.fsdu7-1.fna.fbcdn.net\/v\/t1.0-9\/17155442_1303122223112509_8504276833745983764_n.jpg?oh=80e1f7e3d71be0255cc04582cc96fe27&amp;oe=5934E9BF\" alt=\"A imagem pode conter: 7 pessoas, terno e \u00e1rea interna\" width=\"500\" height=\"331\" \/><\/p>\n<p>Na manh\u00e3 desta segunda-feira (6), a Funda\u00e7\u00e3o Jos\u00e9 Silveira (FJS) comemorou seus 80 anos em evento solene realizado na Faculdade de Medicina da Bahia. Na oportunidade, foi destacada a obra da FJS, por meio das suas unidades como o Hospital Cristo Redentor, refer\u00eancia na regi\u00e3o de Itapetinga em atendimento geral e de emerg\u00eancia.<\/p>\n<p>Al\u00e9m do presidente da Funda\u00e7\u00e3o Jos\u00e9 Silveira, Dr. Geraldo Leite, estiveram presentes o secret\u00e1rio de Sa\u00fade do Estado da Bahia, F\u00e1bio Vilas-Boas; o secret\u00e1rio Municipal de Sa\u00fade, Jos\u00e9 Antonio Rodrigues; o diretor da Faculdade de Medicina da Bahia, Luis Fernando Fernandes Adan; o promotor de Justi\u00e7a do Minist\u00e9rio P\u00fablico do Estado, Luiz Cl\u00e1udio Nogueira; entre outras personalidades.<\/p>\n<p>A Funda\u00e7\u00e3o Jos\u00e9 Silveira chega aos 80 anos como uma das principais entidades filantr\u00f3picas na Bahia, voltada \u00e0 promo\u00e7\u00e3o da sa\u00fade e da qualidade de vida, em benef\u00edcio de milhares de pessoas em situa\u00e7\u00e3o de vulnerabilidade. \/\/<em>Ascom FJS<\/em><\/p>\n","protected":false},"excerpt":{"rendered":"<p>Na manh\u00e3 desta segunda-feira (6), a Funda\u00e7\u00e3o Jos\u00e9 Silveira (FJS) comemorou seus 80 anos em evento solene realizado na Faculdade de Medicina da Bahia. Na oportunidade, foi destacada a obra da FJS, por meio das suas unidades como o Hospital Cristo Redentor, refer\u00eancia na regi\u00e3o de Itapetinga em atendimento geral e de emerg\u00eancia. Al\u00e9m do [&hellip;]<\/p>\n","protected":false},"author":2,"featured_media":0,"comment_status":"open","ping_status":"open","sticky":false,"template":"","format":"standard","meta":{"footnotes":"","_links_to":"","_links_to_target":""},"categories":[1],"tags":[],"class_list":["post-64255","post","type-post","status-publish","format-standard","hentry","category-geral"],"views":1007,"_links":{"self":[{"href":"https:\/\/www.sudoestehoje.com.br\/novoportal\/wp-json\/wp\/v2\/posts\/64255","targetHints":{"allow":["GET"]}}],"collection":[{"href":"https:\/\/www.sudoestehoje.com.br\/novoportal\/wp-json\/wp\/v2\/posts"}],"about":[{"href":"https:\/\/www.sudoestehoje.com.br\/novoportal\/wp-json\/wp\/v2\/types\/post"}],"author":[{"embeddable":true,"href":"https:\/\/www.sudoestehoje.com.br\/novoportal\/wp-json\/wp\/v2\/users\/2"}],"replies":[{"embeddable":true,"href":"https:\/\/www.sudoestehoje.com.br\/novoportal\/wp-json\/wp\/v2\/comments?post=64255"}],"version-history":[{"count":1,"href":"https:\/\/www.sudoestehoje.com.br\/novoportal\/wp-json\/wp\/v2\/posts\/64255\/revisions"}],"predecessor-version":[{"id":64256,"href":"https:\/\/www.sudoestehoje.com.br\/novoportal\/wp-json\/wp\/v2\/posts\/64255\/revisions\/64256"}],"wp:attachment":[{"href":"https:\/\/www.sudoestehoje.com.br\/novoportal\/wp-json\/wp\/v2\/media?parent=64255"}],"wp:term":[{"taxonomy":"category","embeddable":true,"href":"https:\/\/www.sudoestehoje.com.br\/novoportal\/wp-json\/wp\/v2\/categories?post=64255"},{"taxonomy":"post_tag","embeddable":true,"href":"https:\/\/www.sudoestehoje.com.br\/novoportal\/wp-json\/wp\/v2\/tags?post=64255"}],"curies":[{"name":"wp","href":"https:\/\/api.w.org\/{rel}","templated":true}]}}