
{"id":64250,"date":"2017-03-06T19:34:13","date_gmt":"2017-03-06T22:34:13","guid":{"rendered":"http:\/\/www.sudoestehoje.com.br\/novoportal\/?p=64250"},"modified":"2017-03-06T19:34:13","modified_gmt":"2017-03-06T22:34:13","slug":"conquista-herzem-atende-vereadores-do-medio-sudoeste-e-libera-parada-do-gancho","status":"publish","type":"post","link":"https:\/\/www.sudoestehoje.com.br\/novoportal\/2017\/03\/06\/conquista-herzem-atende-vereadores-do-medio-sudoeste-e-libera-parada-do-gancho\/","title":{"rendered":"CONQUISTA: HERZEM ATENDE VEREADORES DO M\u00c9DIO SUDOESTE E LIBERA PARADA DO \u201cGANCHO\u201d"},"content":{"rendered":"<p><img loading=\"lazy\" decoding=\"async\" class=\"\" src=\"http:\/\/www.blogdotarugao.com.br\/v1\/wp-content\/uploads\/2017\/03\/0125.jpg\" alt=\"01\" width=\"500\" height=\"294\" \/><\/p>\n<p>Em entrevista concedida hoje pela manh\u00e3 ao comunicador Tarug\u00e3o, em programa veiculado na R\u00e1dio Cidade, o prefeito Herzem Gusm\u00e3o garantiu a libera\u00e7\u00e3o da parada de \u00f4nibus na regi\u00e3o conhecida como \u201cGancho\u201d em Vit\u00f3ria da Conquista. O prefeito demonstrou preocupa\u00e7\u00e3o com os moradores do Territ\u00f3rio M\u00e9dio Sudoeste e ainda anunciou que vai dar o nome de Itapetinga a uma importante avenida conquistense, onde est\u00e3o localizadas diversas f\u00e1bricas, entre elas a Dass Nordeste Cal\u00e7ados e Artigos Esportivos.<\/p>\n<p><img loading=\"lazy\" decoding=\"async\" class=\"\" src=\"http:\/\/www.blogdotarugao.com.br\/v1\/wp-content\/uploads\/2017\/03\/GAN11.jpg\" alt=\"GAN11\" width=\"501\" height=\"276\" \/><\/p>\n<p>Segundo Herzem, essa avenida ser\u00e1 duplicada e ganhar\u00e1 ilumina\u00e7\u00e3o especial. Sobre a libera\u00e7\u00e3o da parada de \u00f4nibus intermunicipal no Gancho, Herzem informou que a empresa de \u00f4nibus j\u00e1 est\u00e1 realizando mudan\u00e7as no ponto de embarque e desembarque de passageiros da Avenida Juraci Magalh\u00e3es.<\/p>\n<p>A parada ser\u00e1 autorizada apenas nesse ponto. Na \u00faltima sexta-feira (3), os presidentes das C\u00e2maras de Vereadores de Itapetinga, Macarani e Itamb\u00e9 participaram de uma reuni\u00e3o com o prefeito Herzem Gusm\u00e3o (PMDB), solicitando a libera\u00e7\u00e3o da parada de \u00f4nibus intermunicipal no \u201cGancho\u201d. Na tarde daquele dia, um ve\u00edculo da Rota Transportes chegou a ser apreendido pela Prefeitura em cumprimento \u00e0 Portaria 02\/2017, que pro\u00edbe o embarque e desembarque de passageiros dos \u00f4nibus que fazem o transporte intermunicipal em toda a extens\u00e3o das avenidas Bartolomeu de Gusm\u00e3o e Juraci Magalh\u00e3es.<\/p>\n<p><img decoding=\"async\" src=\"http:\/\/www.blogdotarugao.com.br\/v1\/wp-content\/uploads\/2017\/03\/0125.jpg\" alt=\"01\" \/><\/p>\n<p>Ap\u00f3s o ocorrido, o prefeito recebeu executivos da empresa e parlamentares de Vit\u00f3ria da Conquista, firmando esse novo acordo. Para Tarug\u00e3o, que tamb\u00e9m \u00e9 presidente da C\u00e2mara Municipal de Itapetinga, a decis\u00e3o tem que ser comemorada: \u201cN\u00f3s sab\u00edamos que Herzem seria sens\u00edvel \u00e0s reivindica\u00e7\u00f5es do nosso povo e estamos muito felizes com esse acordo. Agora as pessoas j\u00e1 podem viajar tranquilamente sabendo que v\u00e3o poder embarcar e desembarcar no \u2018Gancho\u2019, como sempre aconteceu\u201d. \/\/<em>Blog Top de Linha<\/em><\/p>\n","protected":false},"excerpt":{"rendered":"<p>Em entrevista concedida hoje pela manh\u00e3 ao comunicador Tarug\u00e3o, em programa veiculado na R\u00e1dio Cidade, o prefeito Herzem Gusm\u00e3o garantiu a libera\u00e7\u00e3o da parada de \u00f4nibus na regi\u00e3o conhecida como \u201cGancho\u201d em Vit\u00f3ria da Conquista. O prefeito demonstrou preocupa\u00e7\u00e3o com os moradores do Territ\u00f3rio M\u00e9dio Sudoeste e ainda anunciou que vai dar o nome de [&hellip;]<\/p>\n","protected":false},"author":2,"featured_media":0,"comment_status":"open","ping_status":"open","sticky":false,"template":"","format":"standard","meta":{"footnotes":"","_links_to":"","_links_to_target":""},"categories":[1],"tags":[],"class_list":["post-64250","post","type-post","status-publish","format-standard","hentry","category-geral"],"views":1288,"_links":{"self":[{"href":"https:\/\/www.sudoestehoje.com.br\/novoportal\/wp-json\/wp\/v2\/posts\/64250","targetHints":{"allow":["GET"]}}],"collection":[{"href":"https:\/\/www.sudoestehoje.com.br\/novoportal\/wp-json\/wp\/v2\/posts"}],"about":[{"href":"https:\/\/www.sudoestehoje.com.br\/novoportal\/wp-json\/wp\/v2\/types\/post"}],"author":[{"embeddable":true,"href":"https:\/\/www.sudoestehoje.com.br\/novoportal\/wp-json\/wp\/v2\/users\/2"}],"replies":[{"embeddable":true,"href":"https:\/\/www.sudoestehoje.com.br\/novoportal\/wp-json\/wp\/v2\/comments?post=64250"}],"version-history":[{"count":4,"href":"https:\/\/www.sudoestehoje.com.br\/novoportal\/wp-json\/wp\/v2\/posts\/64250\/revisions"}],"predecessor-version":[{"id":64254,"href":"https:\/\/www.sudoestehoje.com.br\/novoportal\/wp-json\/wp\/v2\/posts\/64250\/revisions\/64254"}],"wp:attachment":[{"href":"https:\/\/www.sudoestehoje.com.br\/novoportal\/wp-json\/wp\/v2\/media?parent=64250"}],"wp:term":[{"taxonomy":"category","embeddable":true,"href":"https:\/\/www.sudoestehoje.com.br\/novoportal\/wp-json\/wp\/v2\/categories?post=64250"},{"taxonomy":"post_tag","embeddable":true,"href":"https:\/\/www.sudoestehoje.com.br\/novoportal\/wp-json\/wp\/v2\/tags?post=64250"}],"curies":[{"name":"wp","href":"https:\/\/api.w.org\/{rel}","templated":true}]}}