
{"id":6425,"date":"2011-07-05T17:45:26","date_gmt":"2011-07-05T20:45:26","guid":{"rendered":"http:\/\/www.sudoestehoje.com.br\/novoportal\/?p=6425"},"modified":"2011-07-05T17:45:26","modified_gmt":"2011-07-05T20:45:26","slug":"agua","status":"publish","type":"post","link":"https:\/\/www.sudoestehoje.com.br\/novoportal\/2011\/07\/05\/agua\/","title":{"rendered":"\u00c1GUA"},"content":{"rendered":"<p><a id=\"apf1\" href=\"http:\/\/www.google.com.br\/imgres?imgurl=http:\/\/www.sudoestehoje.com.br\/novoportal\/wp-content\/uploads\/2010\/11\/100_41591.jpg&amp;imgrefurl=http:\/\/www.sudoestehoje.com.br\/novoportal\/2010\/11\/27\/&amp;usg=__ro7nGKD_J4Mdw0Dwbu2hwnyJSRk=&amp;h=2748&amp;w=3664&amp;sz=1364&amp;hl=pt-BR&amp;start=2&amp;zoom=1&amp;itbs=1&amp;tbnid=JJAklhNijKSewM:&amp;tbnh=113&amp;tbnw=150&amp;prev=\/search%3Fq%3Djos%25C3%25A9%2Belias%2Bribeiro%26hl%3Dpt-BR%26sa%3DG%26gbv%3D2%26tbm%3Disch&amp;ei=IHYTTperG4rEgAex3sD-BA\"><img loading=\"lazy\" decoding=\"async\" id=\"ipfJJAklhNijKSewM:\" class=\"alignleft\" src=\"http:\/\/t0.gstatic.com\/images?q=tbn:ANd9GcR5XcGyfNaYEqbXWKoIALEaAkZ1Sr2-ENNN6fDDtiyrKd__iAtcW0LEhrX1\" alt=\"\" width=\"150\" height=\"113\" \/><\/a>O reajuste das tarifas de \u00e1gua e esgoto, na forma da lei, \u00e9\u00a0justo e necess\u00e1rio. O \u00faltimo aumento da tarifa de \u00e1gua ocorreu em 2007. De l\u00e1 para c\u00e1, a folha salarial e os insumos necess\u00e1rios para o fornecimento de \u00e1gua tratada aumentaram substancialmente. O aumento da demanda por \u00e1gua, em virtude do crescimento da cidade, obriga o SAAE a realizar investimentos para expandir a rede.<\/p>\n<p>O percentual de 21%, aprovado pela C\u00e2mara de Vereadores,\u00a0entretanto, foi excessivo e extempor\u00e2neo. Se o SAAE vinha precisando reajustar as tarifas de \u00e1gua e esgoto,\u00a0por que n\u00e3o efetuou os\u00a0aumentos, anualmente, baseado na infla\u00e7\u00e3o? Foi empurrando com a barriga, at\u00e9 uma situa\u00e7\u00e3o lim\u00edtrofe. Um aumento neste patamar, provoca o desgaste da C\u00e2mara de Vereadores e n\u00e3o deixa de atingir a popularidade do Prefeito.<\/p>\n<p>Alguns Vereadores, preocupados com a repercuss\u00e3o, apresentaram uma id\u00e9ia que deveria ter\u00a0sido aproveitada pelos demais edis: aumento de 13% em julho, e mais 8% em janeiro, quando houvesse a majora\u00e7\u00e3o do sal\u00e1rio m\u00ednimo. Concederia o aumento pretendido pelo SAAE e n\u00e3o geraria fato pol\u00edtico que provocasse protestos da popula\u00e7\u00e3o. Em Salvador, a EMBASA\u00a0queria aumento de 19% pelo servi\u00e7o. A imprensa repercutiu os protestos da popula\u00e7\u00e3o e os deputados tiveram o bom senso de negociar um aumento bem mais modesto e aceit\u00e1vel.<\/p>\n<p>Alguns vereadores precisam entender que n\u00e3o s\u00e3o ap\u00eandices do poder executivo. Mesmo aqueles alinhados com o prefeito, n\u00e3o devem somente dizer am\u00e9m. O tempo de dizer \u201c<em>fa\u00e7o tudo que o prefeito mandar<\/em>\u201d ou \u201c<em>voto em tudo que o prefeito mandar<\/em>\u201d j\u00e1 passou.<\/p>\n<p>O vereador ter\u00e1 que visitar as pessoas, no ano que vem, pedindo para renovar o mandato &#8211; que ele vereador muitas vezes usou e abusou em us\u00e1-lo contra os interesses do povo &#8211;\u00a0com que argumento? N\u00e3o confundir lealdade, fidelidade,\u00a0com submiss\u00e3o, seria um passo importante para a rela\u00e7\u00e3o da C\u00e2mara de Vereadores, que deveria representar o povo, para com o poder executivo. Neste epis\u00f3dio, todos sairam\u00a0perdendo.<\/p>\n<p><em><strong>Por JOS\u00c9 ELIAS RIBEIRO<\/strong><\/em><\/p>\n","protected":false},"excerpt":{"rendered":"<p>O reajuste das tarifas de \u00e1gua e esgoto, na forma da lei, \u00e9\u00a0justo e necess\u00e1rio. O \u00faltimo aumento da tarifa de \u00e1gua ocorreu em 2007. De l\u00e1 para c\u00e1, a folha salarial e os insumos necess\u00e1rios para o fornecimento de \u00e1gua tratada aumentaram substancialmente. O aumento da demanda por \u00e1gua, em virtude do crescimento da [&hellip;]<\/p>\n","protected":false},"author":2,"featured_media":0,"comment_status":"open","ping_status":"open","sticky":false,"template":"","format":"standard","meta":{"footnotes":"","_links_to":"","_links_to_target":""},"categories":[1],"tags":[],"class_list":["post-6425","post","type-post","status-publish","format-standard","hentry","category-geral"],"views":1436,"_links":{"self":[{"href":"https:\/\/www.sudoestehoje.com.br\/novoportal\/wp-json\/wp\/v2\/posts\/6425","targetHints":{"allow":["GET"]}}],"collection":[{"href":"https:\/\/www.sudoestehoje.com.br\/novoportal\/wp-json\/wp\/v2\/posts"}],"about":[{"href":"https:\/\/www.sudoestehoje.com.br\/novoportal\/wp-json\/wp\/v2\/types\/post"}],"author":[{"embeddable":true,"href":"https:\/\/www.sudoestehoje.com.br\/novoportal\/wp-json\/wp\/v2\/users\/2"}],"replies":[{"embeddable":true,"href":"https:\/\/www.sudoestehoje.com.br\/novoportal\/wp-json\/wp\/v2\/comments?post=6425"}],"version-history":[{"count":3,"href":"https:\/\/www.sudoestehoje.com.br\/novoportal\/wp-json\/wp\/v2\/posts\/6425\/revisions"}],"predecessor-version":[{"id":6428,"href":"https:\/\/www.sudoestehoje.com.br\/novoportal\/wp-json\/wp\/v2\/posts\/6425\/revisions\/6428"}],"wp:attachment":[{"href":"https:\/\/www.sudoestehoje.com.br\/novoportal\/wp-json\/wp\/v2\/media?parent=6425"}],"wp:term":[{"taxonomy":"category","embeddable":true,"href":"https:\/\/www.sudoestehoje.com.br\/novoportal\/wp-json\/wp\/v2\/categories?post=6425"},{"taxonomy":"post_tag","embeddable":true,"href":"https:\/\/www.sudoestehoje.com.br\/novoportal\/wp-json\/wp\/v2\/tags?post=6425"}],"curies":[{"name":"wp","href":"https:\/\/api.w.org\/{rel}","templated":true}]}}