
{"id":64234,"date":"2017-03-05T17:03:49","date_gmt":"2017-03-05T20:03:49","guid":{"rendered":"http:\/\/www.sudoestehoje.com.br\/novoportal\/?p=64234"},"modified":"2017-03-05T21:15:58","modified_gmt":"2017-03-06T00:15:58","slug":"itapetinga-secretaria-de-educacao-cria-novas-salas-para-alunos-do-neto-fernandes-e-cassiano-goncalves","status":"publish","type":"post","link":"https:\/\/www.sudoestehoje.com.br\/novoportal\/2017\/03\/05\/itapetinga-secretaria-de-educacao-cria-novas-salas-para-alunos-do-neto-fernandes-e-cassiano-goncalves\/","title":{"rendered":"ITAPETINGA: SECRETARIA DE EDUCA\u00c7\u00c3O CRIA NOVAS SALAS PARA ALUNOS DO NETO FERNANDES E CASSIANO GON\u00c7ALVES"},"content":{"rendered":"<p><img loading=\"lazy\" decoding=\"async\" class=\"\" src=\"https:\/\/scontent.fsdu7-1.fna.fbcdn.net\/v\/t1.0-9\/17191160_1301875513237180_9203420273841656697_n.jpg?oh=e9a132ff0a3dfb702e4b7dc08cec435d&amp;oe=593C7809\" alt=\"A imagem pode conter: 1 pessoa, atividades ao ar livre\" width=\"500\" height=\"375\" \/><\/p>\n<p>Nas \u00faltimas semanas vimos algumas reclama\u00e7\u00f5es de pais de alunos dos residenciais Neto Fernandes e Cassiano Gon\u00e7alves pelo n\u00e3o oferecimento de \u00f4nibus por parte da Secretaria Municipal de Educa\u00e7\u00e3o para o transporte de alunos daquelas localidades.<\/p>\n<p>Entretanto o que est\u00e1 previsto na Constitui\u00e7\u00e3o Federal, corroborada pelo ECA e pela LDB, \u00e9 que as prefeituras devem oferecer escola p\u00fablica pr\u00f3xima \u00e0 resid\u00eancia do educando, para a garantia da qualidade do ensino, e o transporte escolar deve ocorrer apenas nos casos em que o percurso pelo aluno seja invi\u00e1vel.<\/p>\n<p>A Secretaria Municipal de Educa\u00e7\u00e3o de Itapetinga garante vagas para o ano letivo de 2017, para os alunos do ensino fundamental e educa\u00e7\u00e3o infantil residentes nos Residenciais Neto Fernandes e Cassiano Gon\u00e7alves em uma das escolas municipais localizadas nas proximidades das suas resid\u00eancias, bastando para isso que os pais ou respons\u00e1veis se se dirijam \u00e0 Secretaria Municipal de Educa\u00e7\u00e3o.<\/p>\n<p><img loading=\"lazy\" decoding=\"async\" class=\"\" src=\"https:\/\/scontent.fsdu7-1.fna.fbcdn.net\/v\/t1.0-9\/17155620_1301875843237147_2441448225903222901_n.jpg?oh=73004b9b3c7a1867f31356539fb91fce&amp;oe=593AC0BC\" alt=\"Nenhum texto alternativo autom\u00e1tico dispon\u00edvel.\" width=\"500\" height=\"375\" \/><\/p>\n<p>Os alunos dos dois residenciais poder\u00e3o ser remanejados para uma das escolas pr\u00f3ximas a depender do ano em que estejam matriculados: CAIC COL\u00c9GIO PAULO HAGGE, Rua Medeiros Neto, SN \u2013 Clerol\u00e2ndia; ESCOLA Dr.. CLODOALDO COSTA, Rua Donaciano Macedo, SN \u2013 Vila Isabel; ESCOLA ISAURA SANTANA COSTA, Av. Ger\u00f4nimo Dorea, Sn \u2013 Clerol\u00e2ndia; ESCOLA Dr. SINVAL PALMEIRA, Rua Joaquim M. Pereira, SN Vila Riach\u00e3o; ESCOLA PRIMEIROS PASSOS, Rua Medeiros Neto, Sn \u2013 Clerol\u00e2ndia; COL\u00c9GIO CLERO PEDREIRA, Rua 15 de novembro, SN \u2013 Clerol\u00e2ndia.<\/p>\n<p>Entretanto o que tem ocorrido em 2017 \u00e9 que a Prefeitura cumprindo as suas obriga\u00e7\u00f5es est\u00e1 oferecendo escola pr\u00f3xima \u00e0 resid\u00eancia do alunos, mas os respons\u00e1veis pelos mesmos optam pela matr\u00edcula em escola em outro bairro, passando a exigir o transporte de seus filhos para locais distantes. \u00c9 importante destacar ainda que caso os pais escolham institui\u00e7\u00e3o distante da que foi oferecida pela Secretaria de Educa\u00e7\u00e3o pr\u00f3xima a sua resid\u00eancia, devem assumir a custa de tal escolha.<\/p>\n<p>Assim, existindo escola nas proximidades da resid\u00eancia do aluno e seus respons\u00e1veis optando pela matr\u00edcula em outra institui\u00e7\u00e3o, perde o mesmo o direito de pleitear o transporte escolar. Al\u00e9m das vagas disponibilizadas nas escolas pr\u00f3ximas foram abertas quatro novas salas de aula na Escola Primeiros Passos (CAIQUINHO), na \u00faltima quinta-feira dia 02 de mar\u00e7o e at\u00e9 o momento apenas duas das salas puderam ser efetivamente criadas por falta de procura pelos pais dos alunos. \/\/<strong><em>Ascom Secretaria de Educa\u00e7\u00e3o<\/em><\/strong><\/p>\n","protected":false},"excerpt":{"rendered":"<p>Nas \u00faltimas semanas vimos algumas reclama\u00e7\u00f5es de pais de alunos dos residenciais Neto Fernandes e Cassiano Gon\u00e7alves pelo n\u00e3o oferecimento de \u00f4nibus por parte da Secretaria Municipal de Educa\u00e7\u00e3o para o transporte de alunos daquelas localidades. Entretanto o que est\u00e1 previsto na Constitui\u00e7\u00e3o Federal, corroborada pelo ECA e pela LDB, \u00e9 que as prefeituras devem [&hellip;]<\/p>\n","protected":false},"author":2,"featured_media":0,"comment_status":"open","ping_status":"open","sticky":false,"template":"","format":"standard","meta":{"footnotes":"","_links_to":"","_links_to_target":""},"categories":[1],"tags":[],"class_list":["post-64234","post","type-post","status-publish","format-standard","hentry","category-geral"],"views":1304,"_links":{"self":[{"href":"https:\/\/www.sudoestehoje.com.br\/novoportal\/wp-json\/wp\/v2\/posts\/64234","targetHints":{"allow":["GET"]}}],"collection":[{"href":"https:\/\/www.sudoestehoje.com.br\/novoportal\/wp-json\/wp\/v2\/posts"}],"about":[{"href":"https:\/\/www.sudoestehoje.com.br\/novoportal\/wp-json\/wp\/v2\/types\/post"}],"author":[{"embeddable":true,"href":"https:\/\/www.sudoestehoje.com.br\/novoportal\/wp-json\/wp\/v2\/users\/2"}],"replies":[{"embeddable":true,"href":"https:\/\/www.sudoestehoje.com.br\/novoportal\/wp-json\/wp\/v2\/comments?post=64234"}],"version-history":[{"count":2,"href":"https:\/\/www.sudoestehoje.com.br\/novoportal\/wp-json\/wp\/v2\/posts\/64234\/revisions"}],"predecessor-version":[{"id":64237,"href":"https:\/\/www.sudoestehoje.com.br\/novoportal\/wp-json\/wp\/v2\/posts\/64234\/revisions\/64237"}],"wp:attachment":[{"href":"https:\/\/www.sudoestehoje.com.br\/novoportal\/wp-json\/wp\/v2\/media?parent=64234"}],"wp:term":[{"taxonomy":"category","embeddable":true,"href":"https:\/\/www.sudoestehoje.com.br\/novoportal\/wp-json\/wp\/v2\/categories?post=64234"},{"taxonomy":"post_tag","embeddable":true,"href":"https:\/\/www.sudoestehoje.com.br\/novoportal\/wp-json\/wp\/v2\/tags?post=64234"}],"curies":[{"name":"wp","href":"https:\/\/api.w.org\/{rel}","templated":true}]}}