
{"id":64225,"date":"2017-03-04T19:47:48","date_gmt":"2017-03-04T22:47:48","guid":{"rendered":"http:\/\/www.sudoestehoje.com.br\/novoportal\/?p=64225"},"modified":"2017-03-04T19:47:48","modified_gmt":"2017-03-04T22:47:48","slug":"regiao-justica-federal-decreta-prisao-de-ex-prefeito-de-jordania","status":"publish","type":"post","link":"https:\/\/www.sudoestehoje.com.br\/novoportal\/2017\/03\/04\/regiao-justica-federal-decreta-prisao-de-ex-prefeito-de-jordania\/","title":{"rendered":"REGI\u00c3O: JUSTI\u00c7A FEDERAL DECRETA PRIS\u00c3O DE EX-PREFEITO DE JORD\u00c2NIA"},"content":{"rendered":"<p><img loading=\"lazy\" decoding=\"async\" class=\"alignleft\" src=\"http:\/\/www.gazetadearacuai.com.br\/upload\/gerais\/images\/gobira.jpg\" alt=\"Ex-prefeito de Jord\u00e2nia, Eduardo Gobira\" width=\"299\" height=\"340\" \/><\/p>\n<p>A Justi\u00e7a Federal em Governador Valadares determinou a expedi\u00e7\u00e3o de mandado de pris\u00e3o contra o ex-prefeito de Jord\u00e2nia (MG), Eduardo de Almeida Gobira (PPS), que administrou o munic\u00edpio entre os anos de 1997 e 2004. A condena\u00e7\u00e3o foi divulgada nesta sexta-feira (3), sendo que a publica\u00e7\u00e3o ocorreu no dia anterior.<\/p>\n<p>Segundo a Justi\u00e7a, a condena\u00e7\u00e3o \u00e9 resultado de den\u00fancia do Minist\u00e9rio P\u00fablico Federal por irregularidades praticadas pelo ex-prefeito na execu\u00e7\u00e3o da constru\u00e7\u00e3o de 117 m\u00f3dulos sanit\u00e1rias em resid\u00eancias de pessoas carentes. Os recursos eram no valor de R$ 137.353,00 que foram integralmente sacados pela Prefeitura, mas nenhuma obra foi realizada e n\u00e3o houve presta\u00e7\u00e3o de contas.<\/p>\n<p>Eduardo Gobira foi condenado pelo crime de desvio e apropria\u00e7\u00e3o de recursos p\u00fablicos com pena de 5 anos e 6 meses de pris\u00e3o, e aus\u00eancia de presta\u00e7\u00e3o de contas, com pena de 1 ano e 2 meses de reclus\u00e3o. Esse \u00faltimo crime, no entanto, j\u00e1 prescreveu.<\/p>\n<p>Essa \u00e9 a sexta condena\u00e7\u00e3o de Eduardo de Almeida Gobira pelo crime de apropria\u00e7\u00e3o ind\u00e9bita de recursos p\u00fablicos federais no per\u00edodo em que foi prefeito de Jord\u00e2nia, por\u00e9m em algumas das a\u00e7\u00f5es ainda transitam na justi\u00e7a devido a recursos.<\/p>\n<p>Procurada pelo <strong>G1<\/strong>, a Pol\u00edcia Federal em Governador Valadares n\u00e3o informou se o mandado de pris\u00e3o foi cumprido.<\/p>\n","protected":false},"excerpt":{"rendered":"<p>A Justi\u00e7a Federal em Governador Valadares determinou a expedi\u00e7\u00e3o de mandado de pris\u00e3o contra o ex-prefeito de Jord\u00e2nia (MG), Eduardo de Almeida Gobira (PPS), que administrou o munic\u00edpio entre os anos de 1997 e 2004. A condena\u00e7\u00e3o foi divulgada nesta sexta-feira (3), sendo que a publica\u00e7\u00e3o ocorreu no dia anterior. Segundo a Justi\u00e7a, a condena\u00e7\u00e3o [&hellip;]<\/p>\n","protected":false},"author":2,"featured_media":0,"comment_status":"open","ping_status":"open","sticky":false,"template":"","format":"standard","meta":{"footnotes":"","_links_to":"","_links_to_target":""},"categories":[1],"tags":[],"class_list":["post-64225","post","type-post","status-publish","format-standard","hentry","category-geral"],"views":4439,"_links":{"self":[{"href":"https:\/\/www.sudoestehoje.com.br\/novoportal\/wp-json\/wp\/v2\/posts\/64225","targetHints":{"allow":["GET"]}}],"collection":[{"href":"https:\/\/www.sudoestehoje.com.br\/novoportal\/wp-json\/wp\/v2\/posts"}],"about":[{"href":"https:\/\/www.sudoestehoje.com.br\/novoportal\/wp-json\/wp\/v2\/types\/post"}],"author":[{"embeddable":true,"href":"https:\/\/www.sudoestehoje.com.br\/novoportal\/wp-json\/wp\/v2\/users\/2"}],"replies":[{"embeddable":true,"href":"https:\/\/www.sudoestehoje.com.br\/novoportal\/wp-json\/wp\/v2\/comments?post=64225"}],"version-history":[{"count":1,"href":"https:\/\/www.sudoestehoje.com.br\/novoportal\/wp-json\/wp\/v2\/posts\/64225\/revisions"}],"predecessor-version":[{"id":64226,"href":"https:\/\/www.sudoestehoje.com.br\/novoportal\/wp-json\/wp\/v2\/posts\/64225\/revisions\/64226"}],"wp:attachment":[{"href":"https:\/\/www.sudoestehoje.com.br\/novoportal\/wp-json\/wp\/v2\/media?parent=64225"}],"wp:term":[{"taxonomy":"category","embeddable":true,"href":"https:\/\/www.sudoestehoje.com.br\/novoportal\/wp-json\/wp\/v2\/categories?post=64225"},{"taxonomy":"post_tag","embeddable":true,"href":"https:\/\/www.sudoestehoje.com.br\/novoportal\/wp-json\/wp\/v2\/tags?post=64225"}],"curies":[{"name":"wp","href":"https:\/\/api.w.org\/{rel}","templated":true}]}}