
{"id":6422,"date":"2011-07-05T13:48:34","date_gmt":"2011-07-05T16:48:34","guid":{"rendered":"http:\/\/www.sudoestehoje.com.br\/novoportal\/?p=6422"},"modified":"2011-07-05T13:48:34","modified_gmt":"2011-07-05T16:48:34","slug":"noticia-boa-sim-choradeira-nao","status":"publish","type":"post","link":"https:\/\/www.sudoestehoje.com.br\/novoportal\/2011\/07\/05\/noticia-boa-sim-choradeira-nao\/","title":{"rendered":"NOT\u00cdCIA BOA, SIM, CHORADEIRA, N\u00c3O"},"content":{"rendered":"<p style=\"text-align: center;\"><img loading=\"lazy\" decoding=\"async\" src=\"http:\/\/1.bp.blogspot.com\/_bI8lLgJh6-U\/S4kevyLCN4I\/AAAAAAAABR4\/54E03XBUoW0\/s400\/velha-2.jpg\" alt=\"\" width=\"135\" height=\"191\" \/><\/p>\n<p>Depois do sufoco causado pela amea\u00e7a da Azal\u00e9ia em sair de Itapetinga, chaga-nos uma boa not\u00edcia, publicada pela Tribuna da Bahia, em que a dire\u00e7\u00e3o da empresa declara que vai continuar por aqui, embora confirme que a produ\u00e7\u00e3o de t\u00eanis ser\u00e1 transferida para a nova f\u00e1brica, constru\u00edda na \u00cdndia. Valeu a luta e o protesto de parte da m\u00eddia local, que pressionou as &#8216;arturidade&#8217; para que cumprissem as suas obriga\u00e7\u00f5es. Alguns, como o descansado prefeito, relutaram, mas acabaram indo \u00e0 reboque, para n\u00e3o perderem o &#8216;trem&#8217; da hist\u00f3ria, nem ficarem mal na fita. S\u00f3 esperamos que o prefeito n\u00e3o grave o depoimento de algum funcion\u00e1rio da Azal\u00e9ia, chorando e agradecendo a ele por ter impedido a sa\u00edda da f\u00e1brica. Basta a choradeira da &#8216;v\u00e9ia&#8217; nos auto-falantes da alameda, que ningu\u00e9m aguenta mais.<\/p>\n","protected":false},"excerpt":{"rendered":"<p>Depois do sufoco causado pela amea\u00e7a da Azal\u00e9ia em sair de Itapetinga, chaga-nos uma boa not\u00edcia, publicada pela Tribuna da Bahia, em que a dire\u00e7\u00e3o da empresa declara que vai continuar por aqui, embora confirme que a produ\u00e7\u00e3o de t\u00eanis ser\u00e1 transferida para a nova f\u00e1brica, constru\u00edda na \u00cdndia. Valeu a luta e o protesto [&hellip;]<\/p>\n","protected":false},"author":2,"featured_media":0,"comment_status":"open","ping_status":"open","sticky":false,"template":"","format":"standard","meta":{"footnotes":"","_links_to":"","_links_to_target":""},"categories":[11],"tags":[],"class_list":["post-6422","post","type-post","status-publish","format-standard","hentry","category-quentinhas"],"views":1755,"_links":{"self":[{"href":"https:\/\/www.sudoestehoje.com.br\/novoportal\/wp-json\/wp\/v2\/posts\/6422","targetHints":{"allow":["GET"]}}],"collection":[{"href":"https:\/\/www.sudoestehoje.com.br\/novoportal\/wp-json\/wp\/v2\/posts"}],"about":[{"href":"https:\/\/www.sudoestehoje.com.br\/novoportal\/wp-json\/wp\/v2\/types\/post"}],"author":[{"embeddable":true,"href":"https:\/\/www.sudoestehoje.com.br\/novoportal\/wp-json\/wp\/v2\/users\/2"}],"replies":[{"embeddable":true,"href":"https:\/\/www.sudoestehoje.com.br\/novoportal\/wp-json\/wp\/v2\/comments?post=6422"}],"version-history":[{"count":2,"href":"https:\/\/www.sudoestehoje.com.br\/novoportal\/wp-json\/wp\/v2\/posts\/6422\/revisions"}],"predecessor-version":[{"id":6424,"href":"https:\/\/www.sudoestehoje.com.br\/novoportal\/wp-json\/wp\/v2\/posts\/6422\/revisions\/6424"}],"wp:attachment":[{"href":"https:\/\/www.sudoestehoje.com.br\/novoportal\/wp-json\/wp\/v2\/media?parent=6422"}],"wp:term":[{"taxonomy":"category","embeddable":true,"href":"https:\/\/www.sudoestehoje.com.br\/novoportal\/wp-json\/wp\/v2\/categories?post=6422"},{"taxonomy":"post_tag","embeddable":true,"href":"https:\/\/www.sudoestehoje.com.br\/novoportal\/wp-json\/wp\/v2\/tags?post=6422"}],"curies":[{"name":"wp","href":"https:\/\/api.w.org\/{rel}","templated":true}]}}