
{"id":64215,"date":"2017-03-04T00:20:05","date_gmt":"2017-03-04T03:20:05","guid":{"rendered":"http:\/\/www.sudoestehoje.com.br\/novoportal\/?p=64215"},"modified":"2017-03-04T00:21:18","modified_gmt":"2017-03-04T03:21:18","slug":"conquista-onibus-da-rota-e-apreendido-por-infringir-proibicao-de-parar-no-gancho","status":"publish","type":"post","link":"https:\/\/www.sudoestehoje.com.br\/novoportal\/2017\/03\/04\/conquista-onibus-da-rota-e-apreendido-por-infringir-proibicao-de-parar-no-gancho\/","title":{"rendered":"CONQUISTA: \u00d4NIBUS DA ROTA \u00c9 APREENDIDO POR INFRINGIR PROIBI\u00c7\u00c3O DE PARAR NO &#8220;GANCHO&#8221;"},"content":{"rendered":"<p><img loading=\"lazy\" decoding=\"async\" class=\"\" src=\"http:\/\/www.blogdorodrigoferraz.com.br\/wp-content\/uploads\/2017\/03\/apreensao-bus-rota-600x399.jpg\" width=\"500\" height=\"294\" \/><\/p>\n<p>Na tarde desta sexta-feira, 03, um \u00f4nibus\u00a0que fazia a linha Vit\u00f3ria da Conquista\/Itapetinga foi apreendido por descumprir a portaria n\u00ba 02\/2017, que pro\u00edbe o embarque e desembarque de passageiros dos \u00f4nibus que fazem o transporte intermunicipal em toda a extens\u00e3o das avenidas Bartolomeu de Gusm\u00e3o e Juraci Magalh\u00e3es.<\/p>\n<p>Agentes da Coordena\u00e7\u00e3o Municipal de Tr\u00e2nsito, que atuam no local, flagraram a infra\u00e7\u00e3o e orientaram o motorista a seguir para a Rodovi\u00e1ria, o que n\u00e3o foi feito. A empresa foi autuada e o \u00f4nibus recolhido para a garagem do Deserg, de onde s\u00f3 ser\u00e1 liberado quando a autoridade de Tr\u00e2nsito do munic\u00edpio entender que a irregularidade foi sanada.<\/p>\n<p>\u201cDando cumprimento \u00e0 portaria, aplicamos as multas e hoje fizemos o recolhimento deste \u00f4nibus. Vamos dar seguimento agora ao procedimento administrativo. Estamos tentando resolver esse problema, e ele vai ser resolvido\u201d, informou \u00a0o coordenador de Tr\u00e2nsito, major Ramon Campelo.<\/p>\n<p>A fiscaliza\u00e7\u00e3o do tr\u00e1fego dos \u00f4nibus intermunicipais no trecho da \u2018rua do Gancho\u2019 e nas avenidas Bartolomeu de Gusm\u00e3o e Juraci Magalh\u00e3es foi intensificada desde a \u00faltima quinta-feira, 02. A Prefeitura Municipal de Vit\u00f3ria da Conquista quer garantir o cumprimento da portaria n\u00ba 02\/2017, que tem como objetivo dar mais fluidez ao tr\u00e2nsito na regi\u00e3o. \/\/<em>Blog do Rodrigo Ferraz<\/em><\/p>\n<p><img loading=\"lazy\" decoding=\"async\" class=\"\" src=\"http:\/\/1.bp.blogspot.com\/-4gMAHRphA6k\/UvMG2q4I0VI\/AAAAAAAA5Fs\/XZTqZPydwPc\/s1600\/supermoda2.jpg\" alt=\"Resultado de imagem para SUPERMODA\" width=\"502\" height=\"127\" \/><\/p>\n","protected":false},"excerpt":{"rendered":"<p>Na tarde desta sexta-feira, 03, um \u00f4nibus\u00a0que fazia a linha Vit\u00f3ria da Conquista\/Itapetinga foi apreendido por descumprir a portaria n\u00ba 02\/2017, que pro\u00edbe o embarque e desembarque de passageiros dos \u00f4nibus que fazem o transporte intermunicipal em toda a extens\u00e3o das avenidas Bartolomeu de Gusm\u00e3o e Juraci Magalh\u00e3es. Agentes da Coordena\u00e7\u00e3o Municipal de Tr\u00e2nsito, que [&hellip;]<\/p>\n","protected":false},"author":2,"featured_media":0,"comment_status":"open","ping_status":"open","sticky":false,"template":"","format":"standard","meta":{"footnotes":"","_links_to":"","_links_to_target":""},"categories":[1],"tags":[],"class_list":["post-64215","post","type-post","status-publish","format-standard","hentry","category-geral"],"views":221,"_links":{"self":[{"href":"https:\/\/www.sudoestehoje.com.br\/novoportal\/wp-json\/wp\/v2\/posts\/64215","targetHints":{"allow":["GET"]}}],"collection":[{"href":"https:\/\/www.sudoestehoje.com.br\/novoportal\/wp-json\/wp\/v2\/posts"}],"about":[{"href":"https:\/\/www.sudoestehoje.com.br\/novoportal\/wp-json\/wp\/v2\/types\/post"}],"author":[{"embeddable":true,"href":"https:\/\/www.sudoestehoje.com.br\/novoportal\/wp-json\/wp\/v2\/users\/2"}],"replies":[{"embeddable":true,"href":"https:\/\/www.sudoestehoje.com.br\/novoportal\/wp-json\/wp\/v2\/comments?post=64215"}],"version-history":[{"count":3,"href":"https:\/\/www.sudoestehoje.com.br\/novoportal\/wp-json\/wp\/v2\/posts\/64215\/revisions"}],"predecessor-version":[{"id":64218,"href":"https:\/\/www.sudoestehoje.com.br\/novoportal\/wp-json\/wp\/v2\/posts\/64215\/revisions\/64218"}],"wp:attachment":[{"href":"https:\/\/www.sudoestehoje.com.br\/novoportal\/wp-json\/wp\/v2\/media?parent=64215"}],"wp:term":[{"taxonomy":"category","embeddable":true,"href":"https:\/\/www.sudoestehoje.com.br\/novoportal\/wp-json\/wp\/v2\/categories?post=64215"},{"taxonomy":"post_tag","embeddable":true,"href":"https:\/\/www.sudoestehoje.com.br\/novoportal\/wp-json\/wp\/v2\/tags?post=64215"}],"curies":[{"name":"wp","href":"https:\/\/api.w.org\/{rel}","templated":true}]}}