
{"id":64207,"date":"2017-03-04T01:41:07","date_gmt":"2017-03-04T04:41:07","guid":{"rendered":"http:\/\/www.sudoestehoje.com.br\/novoportal\/?p=64207"},"modified":"2017-03-04T02:06:54","modified_gmt":"2017-03-04T05:06:54","slug":"itapetinga-central-de-abastecimento-precisa-de-uma-boa-reforma-com-urgencia","status":"publish","type":"post","link":"https:\/\/www.sudoestehoje.com.br\/novoportal\/2017\/03\/04\/itapetinga-central-de-abastecimento-precisa-de-uma-boa-reforma-com-urgencia\/","title":{"rendered":"ITAPETINGA: CENTRAL DE ABASTECIMENTO PRECISA DE UMA BOA REFORMA COM URG\u00caNCIA"},"content":{"rendered":"<p><img loading=\"lazy\" decoding=\"async\" class=\"\" src=\"http:\/\/www.sudoestehoje.com.br\/novoportal\/wp-content\/uploads\/2015\/07\/C-17.jpg\" width=\"500\" height=\"300\" \/><\/p>\n<p>Dentre as prioridades do novo governo municipal, est\u00e1 a reforma das duas centrais de abastecimento de Itapetinga, que est\u00e3o em peti\u00e7\u00e3o de mis\u00e9ria, dado ao desgaste e a falta de conserva\u00e7\u00e3o por parte da administra\u00e7\u00e3o do ex-prefeito Z\u00e9 Carlos, que relegou o importante equipamento p\u00fablico ao total abandono.<\/p>\n<p><img loading=\"lazy\" decoding=\"async\" class=\"\" src=\"http:\/\/www.sudoestehoje.com.br\/novoportal\/wp-content\/uploads\/2015\/07\/C-10-500x300.jpg\" alt=\"C 10\" width=\"502\" height=\"301\" \/><\/p>\n<p>Durante os oito \u00faltimos anos, pequenas reformas e adapta\u00e7\u00f5es foram realizadas por alguns propriet\u00e1rios de restaurantes e a\u00e7ougues, enquanto a maior parte dos boxes continuou fechada, muitos deles servindo de meros dep\u00f3sitos de alguns comerciantes de fora da Central, que se aproveitam da energia &#8216;gratuita&#8217; para instala\u00e7\u00e3o de frizeres, balc\u00f5es, geladeiras e outros equipamentos el\u00e9tricos, onerando vergonhosamente os cofres do munic\u00edpio.<\/p>\n<p><img decoding=\"async\" src=\"http:\/\/www.sudoestehoje.com.br\/novoportal\/wp-content\/uploads\/2015\/07\/C-16-500x300.jpg\" alt=\"C 16\" \/><\/p>\n<p>INDIVIDUALIZA\u00c7\u00c3O DAS LIGA\u00c7\u00d5ES DE ENERGIA E \u00c1GUA<\/p>\n<p>Al\u00e9m de uma reforma f\u00edsica, incluindo a individualiza\u00e7\u00e3o das liga\u00e7\u00f5es de energia e \u00e1gua, uma requalifica\u00e7\u00e3o das \u00e1reas adjacentes tamb\u00e9m \u00e9 necess\u00e1ria, para evitar ac\u00famulo de lixo e infesta\u00e7\u00e3o de urubus e outros animais, principalmente nas margens do polu\u00eddo Rio Catol\u00e9.<\/p>\n<p><img loading=\"lazy\" decoding=\"async\" class=\"\" src=\"http:\/\/www.sudoestehoje.com.br\/novoportal\/wp-content\/uploads\/2016\/04\/carni%C3%A7a-1-500x281.jpg\" alt=\"carni\u00e7a 1\" width=\"500\" height=\"281\" \/><\/p>\n<p>FEIRA LIVRE<\/p>\n<p>A feira livre, que tamb\u00e9m ficou entregue aos ratos e baratas nesses \u00faltimos 8 anos, precisa ser requalificada, sob pena de continuar afavelada. As barracas mal distribu\u00eddas e os espa\u00e7os para comercializa\u00e7\u00e3o fora de qualquer padr\u00e3o, transformam a feira livre de Itapetinga em um verdadeiro labirinto.<\/p>\n<p><img decoding=\"async\" src=\"http:\/\/www.sudoestehoje.com.br\/novoportal\/wp-content\/uploads\/2014\/01\/IMG00055-500x375.jpg\" alt=\"Barracas\" \/><\/p>\n<p>Os custos da reforma ser\u00e3o altos, mas vamos ter que arrumar isso a\u00ed.<\/p>\n<p><strong><em>Por Davi Ferraz &#8211; Fotos: Arquivo Sudoeste Hoje\u00a0<\/em><\/strong><\/p>\n<p><img loading=\"lazy\" decoding=\"async\" class=\"\" src=\"http:\/\/www.sudoestehoje.com.br\/novoportal\/wp-content\/uploads\/2014\/11\/Logomarca-HB-Sementes-500x134.jpg\" alt=\"Resultado de imagem para hb sementes\" width=\"504\" height=\"135\" \/><\/p>\n","protected":false},"excerpt":{"rendered":"<p>Dentre as prioridades do novo governo municipal, est\u00e1 a reforma das duas centrais de abastecimento de Itapetinga, que est\u00e3o em peti\u00e7\u00e3o de mis\u00e9ria, dado ao desgaste e a falta de conserva\u00e7\u00e3o por parte da administra\u00e7\u00e3o do ex-prefeito Z\u00e9 Carlos, que relegou o importante equipamento p\u00fablico ao total abandono. Durante os oito \u00faltimos anos, pequenas reformas [&hellip;]<\/p>\n","protected":false},"author":2,"featured_media":0,"comment_status":"open","ping_status":"open","sticky":false,"template":"","format":"standard","meta":{"footnotes":"","_links_to":"","_links_to_target":""},"categories":[1],"tags":[],"class_list":["post-64207","post","type-post","status-publish","format-standard","hentry","category-geral"],"views":3284,"_links":{"self":[{"href":"https:\/\/www.sudoestehoje.com.br\/novoportal\/wp-json\/wp\/v2\/posts\/64207","targetHints":{"allow":["GET"]}}],"collection":[{"href":"https:\/\/www.sudoestehoje.com.br\/novoportal\/wp-json\/wp\/v2\/posts"}],"about":[{"href":"https:\/\/www.sudoestehoje.com.br\/novoportal\/wp-json\/wp\/v2\/types\/post"}],"author":[{"embeddable":true,"href":"https:\/\/www.sudoestehoje.com.br\/novoportal\/wp-json\/wp\/v2\/users\/2"}],"replies":[{"embeddable":true,"href":"https:\/\/www.sudoestehoje.com.br\/novoportal\/wp-json\/wp\/v2\/comments?post=64207"}],"version-history":[{"count":3,"href":"https:\/\/www.sudoestehoje.com.br\/novoportal\/wp-json\/wp\/v2\/posts\/64207\/revisions"}],"predecessor-version":[{"id":64210,"href":"https:\/\/www.sudoestehoje.com.br\/novoportal\/wp-json\/wp\/v2\/posts\/64207\/revisions\/64210"}],"wp:attachment":[{"href":"https:\/\/www.sudoestehoje.com.br\/novoportal\/wp-json\/wp\/v2\/media?parent=64207"}],"wp:term":[{"taxonomy":"category","embeddable":true,"href":"https:\/\/www.sudoestehoje.com.br\/novoportal\/wp-json\/wp\/v2\/categories?post=64207"},{"taxonomy":"post_tag","embeddable":true,"href":"https:\/\/www.sudoestehoje.com.br\/novoportal\/wp-json\/wp\/v2\/tags?post=64207"}],"curies":[{"name":"wp","href":"https:\/\/api.w.org\/{rel}","templated":true}]}}