
{"id":64187,"date":"2017-03-01T23:26:08","date_gmt":"2017-03-02T02:26:08","guid":{"rendered":"http:\/\/www.sudoestehoje.com.br\/novoportal\/?p=64187"},"modified":"2017-03-01T23:26:08","modified_gmt":"2017-03-02T02:26:08","slug":"portela-e-a-campea-do-carnaval-do-rio","status":"publish","type":"post","link":"https:\/\/www.sudoestehoje.com.br\/novoportal\/2017\/03\/01\/portela-e-a-campea-do-carnaval-do-rio\/","title":{"rendered":"PORTELA \u00c9 A CAMPE\u00c3 DO CARNAVAL DO RIO"},"content":{"rendered":"<div><img loading=\"lazy\" decoding=\"async\" class=\"\" src=\"http:\/\/www.emaisgoias.com.br\/wp-content\/uploads\/2017\/03\/33164730065_238a1cd193_k-1024x684.jpg\" alt=\"Resultado de imagem para PORTELA CAMPE\u00c3\" width=\"501\" height=\"335\" \/><\/div>\n<div>\n<p>A Portela \u00e9 a escola de samba campe\u00e3 do carnaval de 2017 do Rio de Janeiro. Em uma disputa apertada, o t\u00edtulo de campe\u00e3 foi decidido na apura\u00e7\u00e3o do \u00faltimo quesito. A Portela terminou a apura\u00e7\u00e3o com 269,9 pontos, apenas um d\u00e9cimo a mais do que a escola que ficou em segundo lugar, a Mocidade Independente de Padre Miguel, com 269,8. A Salgueiro ficou em terceiro, com 269,7 pontos.<\/p>\n<p>A Portela levou ao samb\u00f3dromo um enredo que contou a rela\u00e7\u00e3o hist\u00f3rica entre a humanidade e os rios, passando tamb\u00e9m por lendas e religi\u00f5es. O \u00faltimo t\u00edtulo conquistado pela escola foi em 1984.<\/p>\n<p>As escolas de samba s\u00e3o avaliadas em nove quesitos: alegorias e adere\u00e7os, bateria, fantasia, samba-enredo, comiss\u00e3o de frente, evolu\u00e7\u00e3o, harmonia, mestre-sala e porta-bandeira e enredo.\u00a0As seis primeiras colocadas se apresentam novamente no Desfile das Campe\u00e3s, no pr\u00f3ximo s\u00e1bado (4).<\/p>\n<p><img loading=\"lazy\" decoding=\"async\" class=\"\" src=\"http:\/\/1.bp.blogspot.com\/-4gMAHRphA6k\/UvMG2q4I0VI\/AAAAAAAA5Fs\/XZTqZPydwPc\/s1600\/supermoda2.jpg\" alt=\"Resultado de imagem para SUPERMODA\" width=\"502\" height=\"127\" \/><\/p>\n<\/div>\n","protected":false},"excerpt":{"rendered":"<p>A Portela \u00e9 a escola de samba campe\u00e3 do carnaval de 2017 do Rio de Janeiro. Em uma disputa apertada, o t\u00edtulo de campe\u00e3 foi decidido na apura\u00e7\u00e3o do \u00faltimo quesito. A Portela terminou a apura\u00e7\u00e3o com 269,9 pontos, apenas um d\u00e9cimo a mais do que a escola que ficou em segundo lugar, a Mocidade [&hellip;]<\/p>\n","protected":false},"author":2,"featured_media":0,"comment_status":"open","ping_status":"open","sticky":false,"template":"","format":"standard","meta":{"footnotes":"","_links_to":"","_links_to_target":""},"categories":[1],"tags":[],"class_list":["post-64187","post","type-post","status-publish","format-standard","hentry","category-geral"],"views":1543,"_links":{"self":[{"href":"https:\/\/www.sudoestehoje.com.br\/novoportal\/wp-json\/wp\/v2\/posts\/64187","targetHints":{"allow":["GET"]}}],"collection":[{"href":"https:\/\/www.sudoestehoje.com.br\/novoportal\/wp-json\/wp\/v2\/posts"}],"about":[{"href":"https:\/\/www.sudoestehoje.com.br\/novoportal\/wp-json\/wp\/v2\/types\/post"}],"author":[{"embeddable":true,"href":"https:\/\/www.sudoestehoje.com.br\/novoportal\/wp-json\/wp\/v2\/users\/2"}],"replies":[{"embeddable":true,"href":"https:\/\/www.sudoestehoje.com.br\/novoportal\/wp-json\/wp\/v2\/comments?post=64187"}],"version-history":[{"count":3,"href":"https:\/\/www.sudoestehoje.com.br\/novoportal\/wp-json\/wp\/v2\/posts\/64187\/revisions"}],"predecessor-version":[{"id":64190,"href":"https:\/\/www.sudoestehoje.com.br\/novoportal\/wp-json\/wp\/v2\/posts\/64187\/revisions\/64190"}],"wp:attachment":[{"href":"https:\/\/www.sudoestehoje.com.br\/novoportal\/wp-json\/wp\/v2\/media?parent=64187"}],"wp:term":[{"taxonomy":"category","embeddable":true,"href":"https:\/\/www.sudoestehoje.com.br\/novoportal\/wp-json\/wp\/v2\/categories?post=64187"},{"taxonomy":"post_tag","embeddable":true,"href":"https:\/\/www.sudoestehoje.com.br\/novoportal\/wp-json\/wp\/v2\/tags?post=64187"}],"curies":[{"name":"wp","href":"https:\/\/api.w.org\/{rel}","templated":true}]}}