
{"id":64185,"date":"2017-03-01T18:14:04","date_gmt":"2017-03-01T21:14:04","guid":{"rendered":"http:\/\/www.sudoestehoje.com.br\/novoportal\/?p=64185"},"modified":"2017-03-01T23:27:12","modified_gmt":"2017-03-02T02:27:12","slug":"politica-itapetinga-alecio-chaves-e-nome-forte-para-assumir-coordenacao-do-nre-8","status":"publish","type":"post","link":"https:\/\/www.sudoestehoje.com.br\/novoportal\/2017\/03\/01\/politica-itapetinga-alecio-chaves-e-nome-forte-para-assumir-coordenacao-do-nre-8\/","title":{"rendered":"POL\u00cdTICA ITAPETINGA: AL\u00c9CIO CHAVES \u00c9 NOME FORTE PARA ASSUMIR COORDENA\u00c7\u00c3O DO NRE-8"},"content":{"rendered":"<p><img loading=\"lazy\" decoding=\"async\" class=\"\" src=\"http:\/\/politicagemnabagagem.com.br\/wp-content\/uploads\/2015\/09\/DSC00582.jpg\" alt=\"Resultado de imagem para alecio chaves e otto\" width=\"500\" height=\"395\" \/><\/p>\n<p>Como o ano pol\u00edtico na Bahia s\u00f3 tem in\u00edcio depois do Carnaval, o m\u00eas de mar\u00e7o promete ser movimentado na capital e no interior, como mexidas nos cargos estaduais, j\u00e1 com vistas \u00e0s elei\u00e7\u00f5es estaduais de 2018.<\/p>\n<p>Em Itapetinga, j\u00e1 \u00e9 dada como certa a sa\u00edda da pedagoga\u00a0MARIA GENIRA MOTA RAMOS da coordenadoria do NRE-8 (antiga Direc), e o nome mais cotado \u00e9 o do professor Al\u00e9cio Chaves (PSD), que disputou a elei\u00e7\u00e3o para prefeito em outubro passado, obtendo expressiva vota\u00e7\u00e3o.<\/p>\n<p>Como trunfo, Al\u00e9cio espera contar com o apoio do senador Otto Alencar, presidente do seu partido, mas o seu nome n\u00e3o \u00e9 bem aceito pelo deputado Rosemberg Pinto (PT), que prefere manter \u00a0a Direc como uma esp\u00e9cie de <em>embaixada de Itoror\u00f3<\/em>, onde abriga seus correligion\u00e1rios da <em>capital da carne de sol<\/em>, \u00f3rf\u00e3os do poder desde a derrota de Adroaldo em 2012.<\/p>\n<p>Segundo os fofoqueiros de plant\u00e3o, Al\u00e9cio pode at\u00e9 assumir o cargo, mas vai ter que levar o <em>pir\u00e3o de leite.<\/em><\/p>\n<p><strong><em>Por Davi Ferraz<\/em><\/strong><\/p>\n<p><img loading=\"lazy\" decoding=\"async\" class=\"\" src=\"http:\/\/www.sudoestehoje.com.br\/novoportal\/wp-content\/uploads\/2015\/10\/SERVLAR-BANNER-500x178.jpg\" alt=\"Resultado de imagem para servlar itapetinga\" width=\"500\" height=\"178\" \/><\/p>\n","protected":false},"excerpt":{"rendered":"<p>Como o ano pol\u00edtico na Bahia s\u00f3 tem in\u00edcio depois do Carnaval, o m\u00eas de mar\u00e7o promete ser movimentado na capital e no interior, como mexidas nos cargos estaduais, j\u00e1 com vistas \u00e0s elei\u00e7\u00f5es estaduais de 2018. Em Itapetinga, j\u00e1 \u00e9 dada como certa a sa\u00edda da pedagoga\u00a0MARIA GENIRA MOTA RAMOS da coordenadoria do NRE-8 [&hellip;]<\/p>\n","protected":false},"author":2,"featured_media":0,"comment_status":"open","ping_status":"open","sticky":false,"template":"","format":"standard","meta":{"footnotes":"","_links_to":"","_links_to_target":""},"categories":[1],"tags":[],"class_list":["post-64185","post","type-post","status-publish","format-standard","hentry","category-geral"],"views":4156,"_links":{"self":[{"href":"https:\/\/www.sudoestehoje.com.br\/novoportal\/wp-json\/wp\/v2\/posts\/64185","targetHints":{"allow":["GET"]}}],"collection":[{"href":"https:\/\/www.sudoestehoje.com.br\/novoportal\/wp-json\/wp\/v2\/posts"}],"about":[{"href":"https:\/\/www.sudoestehoje.com.br\/novoportal\/wp-json\/wp\/v2\/types\/post"}],"author":[{"embeddable":true,"href":"https:\/\/www.sudoestehoje.com.br\/novoportal\/wp-json\/wp\/v2\/users\/2"}],"replies":[{"embeddable":true,"href":"https:\/\/www.sudoestehoje.com.br\/novoportal\/wp-json\/wp\/v2\/comments?post=64185"}],"version-history":[{"count":2,"href":"https:\/\/www.sudoestehoje.com.br\/novoportal\/wp-json\/wp\/v2\/posts\/64185\/revisions"}],"predecessor-version":[{"id":64191,"href":"https:\/\/www.sudoestehoje.com.br\/novoportal\/wp-json\/wp\/v2\/posts\/64185\/revisions\/64191"}],"wp:attachment":[{"href":"https:\/\/www.sudoestehoje.com.br\/novoportal\/wp-json\/wp\/v2\/media?parent=64185"}],"wp:term":[{"taxonomy":"category","embeddable":true,"href":"https:\/\/www.sudoestehoje.com.br\/novoportal\/wp-json\/wp\/v2\/categories?post=64185"},{"taxonomy":"post_tag","embeddable":true,"href":"https:\/\/www.sudoestehoje.com.br\/novoportal\/wp-json\/wp\/v2\/tags?post=64185"}],"curies":[{"name":"wp","href":"https:\/\/api.w.org\/{rel}","templated":true}]}}