
{"id":64174,"date":"2017-02-28T22:16:17","date_gmt":"2017-03-01T01:16:17","guid":{"rendered":"http:\/\/www.sudoestehoje.com.br\/novoportal\/?p=64174"},"modified":"2017-02-28T22:27:14","modified_gmt":"2017-03-01T01:27:14","slug":"medico-morto-em-acidente-morava-em-salvador-e-trabalhava-no-hge","status":"publish","type":"post","link":"https:\/\/www.sudoestehoje.com.br\/novoportal\/2017\/02\/28\/medico-morto-em-acidente-morava-em-salvador-e-trabalhava-no-hge\/","title":{"rendered":"M\u00c9DICO MORTO EM ACIDENTE MORAVA EM SALVADOR E TRABALHAVA NO HGE"},"content":{"rendered":"<div class=\"_6l- __c_\">\n<div class=\"uiScaledImageContainer _6m5 fbStoryAttachmentImage\"><a href=\"http:\/\/www.sudoestehoje.com.br\/novoportal\/wp-content\/uploads\/2017\/02\/medico-morto.jpg\"><img loading=\"lazy\" decoding=\"async\" class=\"aligncenter size-full wp-image-64180\" src=\"http:\/\/www.sudoestehoje.com.br\/novoportal\/wp-content\/uploads\/2017\/02\/medico-morto.jpg\" alt=\"medico morto\" width=\"476\" height=\"248\" \/><\/a><\/div>\n<\/div>\n<p>Depois da enorme repercuss\u00e3o em todo o Estado, amigos do m\u00e9dico\u00a0Edenivaldo Cardoso Silva Junior, 32 anos, morto em um acidente automobil\u00edstico no \u00faltimo domingo, mantiveram contato com o <strong><em>Sudoeste Hoje<\/em><\/strong> e relataram o enorme choque e tristeza pelo ocorrido.<\/p>\n<p>Segundo amigos do m\u00e9dico, ele era casado e tinha um filho de 5 anos. Era m\u00e9dico do Hospital Geral do Estado-HGE, mas tamb\u00e9m dava plant\u00f5es em hospitais de Feira de Santana e regi\u00e3o.<\/p>\n<p>No domingo,\u00a0ele saiu de Feira por volta de meio dia e n\u00e3o foi mais visto. A fam\u00edlia espalhou mensagens em redes sociais pedindo ajuda para encontr\u00e1-lo.<\/p>\n<p>Nesta segunda (27), o corpo foi achado dentro de um Honda Civic, em uma ribanceira depois da ponte do Rio Angico. Ele seguia para Caldas do Jorro, em Tucano, mas nunca chegou ao destino.<\/p>\n<p>A PRF acredita que ele perdeu o controle da dire\u00e7\u00e3o e acabou saindo da pista, causando o acidente, mas detalhes ainda s\u00e3o ignorados, j\u00e1 que ele estava sozinho.<\/p>\n<p><strong><em>Por Davi Ferraz<\/em><\/strong><\/p>\n","protected":false},"excerpt":{"rendered":"<p>Depois da enorme repercuss\u00e3o em todo o Estado, amigos do m\u00e9dico\u00a0Edenivaldo Cardoso Silva Junior, 32 anos, morto em um acidente automobil\u00edstico no \u00faltimo domingo, mantiveram contato com o Sudoeste Hoje e relataram o enorme choque e tristeza pelo ocorrido. Segundo amigos do m\u00e9dico, ele era casado e tinha um filho de 5 anos. Era m\u00e9dico [&hellip;]<\/p>\n","protected":false},"author":2,"featured_media":64180,"comment_status":"open","ping_status":"open","sticky":false,"template":"","format":"standard","meta":{"footnotes":"","_links_to":"","_links_to_target":""},"categories":[1],"tags":[],"class_list":["post-64174","post","type-post","status-publish","format-standard","has-post-thumbnail","hentry","category-geral"],"views":4306,"_links":{"self":[{"href":"https:\/\/www.sudoestehoje.com.br\/novoportal\/wp-json\/wp\/v2\/posts\/64174","targetHints":{"allow":["GET"]}}],"collection":[{"href":"https:\/\/www.sudoestehoje.com.br\/novoportal\/wp-json\/wp\/v2\/posts"}],"about":[{"href":"https:\/\/www.sudoestehoje.com.br\/novoportal\/wp-json\/wp\/v2\/types\/post"}],"author":[{"embeddable":true,"href":"https:\/\/www.sudoestehoje.com.br\/novoportal\/wp-json\/wp\/v2\/users\/2"}],"replies":[{"embeddable":true,"href":"https:\/\/www.sudoestehoje.com.br\/novoportal\/wp-json\/wp\/v2\/comments?post=64174"}],"version-history":[{"count":6,"href":"https:\/\/www.sudoestehoje.com.br\/novoportal\/wp-json\/wp\/v2\/posts\/64174\/revisions"}],"predecessor-version":[{"id":64181,"href":"https:\/\/www.sudoestehoje.com.br\/novoportal\/wp-json\/wp\/v2\/posts\/64174\/revisions\/64181"}],"wp:featuredmedia":[{"embeddable":true,"href":"https:\/\/www.sudoestehoje.com.br\/novoportal\/wp-json\/wp\/v2\/media\/64180"}],"wp:attachment":[{"href":"https:\/\/www.sudoestehoje.com.br\/novoportal\/wp-json\/wp\/v2\/media?parent=64174"}],"wp:term":[{"taxonomy":"category","embeddable":true,"href":"https:\/\/www.sudoestehoje.com.br\/novoportal\/wp-json\/wp\/v2\/categories?post=64174"},{"taxonomy":"post_tag","embeddable":true,"href":"https:\/\/www.sudoestehoje.com.br\/novoportal\/wp-json\/wp\/v2\/tags?post=64174"}],"curies":[{"name":"wp","href":"https:\/\/api.w.org\/{rel}","templated":true}]}}