
{"id":64163,"date":"2017-02-27T21:43:36","date_gmt":"2017-02-28T00:43:36","guid":{"rendered":"http:\/\/www.sudoestehoje.com.br\/novoportal\/?p=64163"},"modified":"2017-02-27T21:46:01","modified_gmt":"2017-02-28T00:46:01","slug":"medico-desaparecido-e-encontrado-morto-dentro-de-seu-veiculo-na-br-116-norte","status":"publish","type":"post","link":"https:\/\/www.sudoestehoje.com.br\/novoportal\/2017\/02\/27\/medico-desaparecido-e-encontrado-morto-dentro-de-seu-veiculo-na-br-116-norte\/","title":{"rendered":"BAHIA: M\u00c9DICO DESAPARECIDO \u00c9 ENCONTRADO MORTO DENTRO DE VE\u00cdCULO NA BR-116"},"content":{"rendered":"<div id=\"attachment_64164\" style=\"width: 510px\" class=\"wp-caption aligncenter\"><a href=\"http:\/\/www.sudoestehoje.com.br\/novoportal\/wp-content\/uploads\/2017\/02\/medico.jpg\"><img loading=\"lazy\" decoding=\"async\" aria-describedby=\"caption-attachment-64164\" class=\" wp-image-64164\" src=\"http:\/\/www.sudoestehoje.com.br\/novoportal\/wp-content\/uploads\/2017\/02\/medico-500x395.jpg\" alt=\"A v\u00edtima teria perdido o controle da dire\u00e7\u00e3o na curva conhecida como 'Curva do Angico', caiu em uma ribanceira e colidiu com uma \u00e1rvore. \" width=\"500\" height=\"395\" srcset=\"https:\/\/www.sudoestehoje.com.br\/novoportal\/wp-content\/uploads\/2017\/02\/medico-500x395.jpg 500w, https:\/\/www.sudoestehoje.com.br\/novoportal\/wp-content\/uploads\/2017\/02\/medico.jpg 607w\" sizes=\"auto, (max-width: 500px) 100vw, 500px\" \/><\/a><p id=\"caption-attachment-64164\" class=\"wp-caption-text\"><strong>A v\u00edtima teria perdido o controle da dire\u00e7\u00e3o na curva conhecida como &#8216;Curva do Angico&#8217;, caiu em uma ribanceira e colidiu com uma \u00e1rvore. Foto: Arquivo pessoal<\/strong><\/p><\/div>\n<p>O m\u00e9dico Edenivaldo Cardoso Silva J\u00fanior, de 32 anos, natural de Quinjingue, foi encontrado morto no in\u00edcio da tarde desta segunda-feira (27) \u00e0s margens da BR-116 norte. Ele estava desaparecido desde a tarde de ontem (26) ap\u00f3s ter feito contato com a fam\u00edlia pela \u00faltima vez por volta de 12h30.<\/p>\n<p>Edenivaldo foi achado dentro do seu ve\u00edculo, modelo Honda Civic grafite, na localidade Angico, pr\u00f3ximo a Araci, confirmaram fontes da Pol\u00edcia Militar. A v\u00edtima teria perdido o controle da dire\u00e7\u00e3o na curva conhecida como &#8216;Curva do Angico&#8217;, caiu em uma ribanceira e colidiu em uma \u00e1rvore.<\/p>\n","protected":false},"excerpt":{"rendered":"<p>O m\u00e9dico Edenivaldo Cardoso Silva J\u00fanior, de 32 anos, natural de Quinjingue, foi encontrado morto no in\u00edcio da tarde desta segunda-feira (27) \u00e0s margens da BR-116 norte. Ele estava desaparecido desde a tarde de ontem (26) ap\u00f3s ter feito contato com a fam\u00edlia pela \u00faltima vez por volta de 12h30. Edenivaldo foi achado dentro do [&hellip;]<\/p>\n","protected":false},"author":2,"featured_media":0,"comment_status":"open","ping_status":"open","sticky":false,"template":"","format":"standard","meta":{"footnotes":"","_links_to":"","_links_to_target":""},"categories":[1],"tags":[],"class_list":["post-64163","post","type-post","status-publish","format-standard","hentry","category-geral"],"views":15945,"_links":{"self":[{"href":"https:\/\/www.sudoestehoje.com.br\/novoportal\/wp-json\/wp\/v2\/posts\/64163","targetHints":{"allow":["GET"]}}],"collection":[{"href":"https:\/\/www.sudoestehoje.com.br\/novoportal\/wp-json\/wp\/v2\/posts"}],"about":[{"href":"https:\/\/www.sudoestehoje.com.br\/novoportal\/wp-json\/wp\/v2\/types\/post"}],"author":[{"embeddable":true,"href":"https:\/\/www.sudoestehoje.com.br\/novoportal\/wp-json\/wp\/v2\/users\/2"}],"replies":[{"embeddable":true,"href":"https:\/\/www.sudoestehoje.com.br\/novoportal\/wp-json\/wp\/v2\/comments?post=64163"}],"version-history":[{"count":5,"href":"https:\/\/www.sudoestehoje.com.br\/novoportal\/wp-json\/wp\/v2\/posts\/64163\/revisions"}],"predecessor-version":[{"id":64169,"href":"https:\/\/www.sudoestehoje.com.br\/novoportal\/wp-json\/wp\/v2\/posts\/64163\/revisions\/64169"}],"wp:attachment":[{"href":"https:\/\/www.sudoestehoje.com.br\/novoportal\/wp-json\/wp\/v2\/media?parent=64163"}],"wp:term":[{"taxonomy":"category","embeddable":true,"href":"https:\/\/www.sudoestehoje.com.br\/novoportal\/wp-json\/wp\/v2\/categories?post=64163"},{"taxonomy":"post_tag","embeddable":true,"href":"https:\/\/www.sudoestehoje.com.br\/novoportal\/wp-json\/wp\/v2\/tags?post=64163"}],"curies":[{"name":"wp","href":"https:\/\/api.w.org\/{rel}","templated":true}]}}