
{"id":6416,"date":"2011-07-05T10:53:49","date_gmt":"2011-07-05T13:53:49","guid":{"rendered":"http:\/\/www.sudoestehoje.com.br\/novoportal\/?p=6416"},"modified":"2011-07-06T23:29:59","modified_gmt":"2011-07-07T02:29:59","slug":"enfim-uma-boa-noticia-azaleia-garante-que-nao-sai-de-itapetinga","status":"publish","type":"post","link":"https:\/\/www.sudoestehoje.com.br\/novoportal\/2011\/07\/05\/enfim-uma-boa-noticia-azaleia-garante-que-nao-sai-de-itapetinga\/","title":{"rendered":"ENFIM, UMA BOA NOT\u00cdCIA: AZAL\u00c9IA GARANTE QUE N\u00c3O SAI DE ITAPETINGA"},"content":{"rendered":"<div id=\"HOTWordsTxt\">\n<p style=\"text-align: center;\"><img decoding=\"async\" class=\"aligncenter\" src=\"http:\/\/www.blogdaresenhageral.com.br\/v1\/wp-content\/uploads\/Azaleia.jpg\" alt=\"\" \/><\/p>\n<p>\u00a0<\/p>\n<p>ITAPETINGA: Os munic\u00edpios que comp\u00f5em a micro-regi\u00e3o de Itapetinga, viveram nos \u00faltimos meses, um clima de apreens\u00e3o e medo, devido \u00e0s\u00a0sucessivas demiss\u00f5es patrocinadas pela f\u00e1brica de cal\u00e7ados Azal\u00e9ia e a not\u00edcia de que a ind\u00fastria cal\u00e7adista poderia ser transferida para a \u00cdndia, fechando a sua unidade fabril\u00a0em Itapetinga e regi\u00e3o. Agora, entretanto, surge uma luz no fim do t\u00fanel, com uma nova not\u00edcia publicada na <em>Tribuna da Bahia,<\/em> em que a dire\u00e7\u00e3o da Vulcabr\u00e1s\/Azal\u00e9ia nega a inten\u00e7\u00e3o de fechar a f\u00e1brica em Itapetinga e promete rever a sua pol\u00edtica de demiss\u00f5es. Veja a mat\u00e9ria completa da Tribuna:<!--more--><\/p>\n<p>TRIBUNA DA BAHIA: No setor cal\u00e7adista, a invas\u00e3o de produtos chineses atingiu em cheio, na Bahia, logo o maior conglomerado da Am\u00e9rica Latina: a Vulcabras\/Azaleia, instalada em uma s\u00e9rie de plantas fabris em Itapetinga e mais 13 munic\u00edpios do sudoeste. Desde o come\u00e7o do ano, a empresa j\u00e1 demitiu 1,8 mil dos 18 mil empregados. Na \u00faltima semana, circulou o boato de que o presidente da corpora\u00e7\u00e3o, Milton Cardoso, teria declarado a um ve\u00edculo de comunica\u00e7\u00e3o que poderia transferir os ativos para a \u00c1sia \u2013 provavelmente Nova Dehli, capital da \u00cdndia. O risco de fechamento foi negado pela assessoria de comunica\u00e7\u00e3o da empresa, em contato telef\u00f4nico, no qual a assessoria reconheceu a crise, acrescentando que \u201co presidente garantiu que far\u00e1 de tudo para que n\u00e3o haja novas demiss\u00f5es\u201d. Em 2009, o empreendimento respondia por 48% da contrata\u00e7\u00e3o de m\u00e3o de obra no setor cal\u00e7adista baiano. Iniciado em 1996, o polo baiano conta hoje com mais de 90 f\u00e1bricas, tendo como uma das caracter\u00edsticas a diversifica\u00e7\u00e3o geogr\u00e1fica.\u00a0<\/p>\n<div>O diretor do Sindicato das Ind\u00fastrias de Cal\u00e7ados e seus Componentes e Artefatos, Haroldo Ferreira, defende que a crise que afetou a Azaleia impacta, por ser a maior empresa brasileira deste ramo, mas n\u00e3o atinge todo o setor.<\/div>\n<div>\u00a0<\/div>\n<div>O problema maior, de acordo com ele, estaria no segmento de cal\u00e7ados esportivos, mas a \u00e1rea de sapatos femininos, por exemplo, \u00e9 sempre mais protegida de concorr\u00eancia externa.<\/div>\n<div>\u00a0<\/div>\n<div>\u201cO cal\u00e7ado feminino \u00e9 ligado \u00e0 moda e a importa\u00e7\u00e3o demora de dois a tr\u00eas meses. Quando chega, a moda j\u00e1 foi embora\u201d, argumentou.\u00a0<\/div>\n<div>\u00a0<\/div>\n<div>Segundo Haroldo Ferreira, h\u00e1 uma legisla\u00e7\u00e3o antidumping protegendo o cal\u00e7ado baiano do chin\u00eas, mas \u00e9 necess\u00e1rio que ela seja ampliada para toda a \u00c1sia. \u201cAlgumas empresas est\u00e3o fazendo triangula\u00e7\u00e3o. Importam de outros pa\u00edses mais o sapato \u00e9 de origem chinesa\u201d, explica. Contudo, a desvaloriza\u00e7\u00e3o do d\u00f3lar vai na dire\u00e7\u00e3o contr\u00e1ria das barreiras antidumping, pois encarece as exporta\u00e7\u00f5es e barateia as importa\u00e7\u00f5es, cujo aumento \u00e9 o maior entrave para o setor de cal\u00e7ados. Hoje, informa Ferreira, somente 5% da produ\u00e7\u00e3o do setor cal\u00e7adista se destina ao exterior.\u00a0<\/div>\n<div>\u00a0<\/div>\n<div>PROTE\u00c7\u00c3O &#8211; Em junho, o ministro do Desenvolvimento, Fernando Pimentel, anunciou a cria\u00e7\u00e3o de um grupo de intelig\u00eancia antidumping, com o objetivo de proteger \u00a0comercialmente o mercado dom\u00e9stico contra importa\u00e7\u00f5es suspeitas de pre\u00e7os fraudulentos e de adultera\u00e7\u00e3o de origem. A proposta envolveria a cria\u00e7\u00e3o de um banco de dados com informa\u00e7\u00f5es de um pool de \u00f3rg\u00e3os federais, tais como Receita Federal, Anvisa, Minist\u00e9rio da Agricultura, e Inmetro.\u00a0<\/div>\n<div>\u00a0<\/div>\n<div>O vice-presidente da Federa\u00e7\u00e3o das Ind\u00fastrias do Estado da Bahia (Fieb), Reinaldo Sampaio, manifestou otimismo quanto ao desfecho do caso Azaleia. \u201cN\u00f3s n\u00e3o temos, por parte da empresa, informa\u00e7\u00f5es que confirmem essa not\u00edcia. Esperamos que eventuais dificuldades, se houverem, sejam superadas e que o empreendimento continue a cumprir o seu papel no desenvolvimento do nosso estado\u201d, afirmou.<\/div>\n<div>Tomara que seja verdade&#8230;<\/div>\n<div><em><strong>Da Reda\u00e7\u00e3o<\/strong><\/em><\/div>\n<\/div>\n","protected":false},"excerpt":{"rendered":"<p>\u00a0 ITAPETINGA: Os munic\u00edpios que comp\u00f5em a micro-regi\u00e3o de Itapetinga, viveram nos \u00faltimos meses, um clima de apreens\u00e3o e medo, devido \u00e0s\u00a0sucessivas demiss\u00f5es patrocinadas pela f\u00e1brica de cal\u00e7ados Azal\u00e9ia e a not\u00edcia de que a ind\u00fastria cal\u00e7adista poderia ser transferida para a \u00cdndia, fechando a sua unidade fabril\u00a0em Itapetinga e regi\u00e3o. Agora, entretanto, surge uma [&hellip;]<\/p>\n","protected":false},"author":2,"featured_media":0,"comment_status":"open","ping_status":"open","sticky":false,"template":"","format":"standard","meta":{"footnotes":"","_links_to":"","_links_to_target":""},"categories":[1],"tags":[],"class_list":["post-6416","post","type-post","status-publish","format-standard","hentry","category-geral"],"views":1335,"_links":{"self":[{"href":"https:\/\/www.sudoestehoje.com.br\/novoportal\/wp-json\/wp\/v2\/posts\/6416","targetHints":{"allow":["GET"]}}],"collection":[{"href":"https:\/\/www.sudoestehoje.com.br\/novoportal\/wp-json\/wp\/v2\/posts"}],"about":[{"href":"https:\/\/www.sudoestehoje.com.br\/novoportal\/wp-json\/wp\/v2\/types\/post"}],"author":[{"embeddable":true,"href":"https:\/\/www.sudoestehoje.com.br\/novoportal\/wp-json\/wp\/v2\/users\/2"}],"replies":[{"embeddable":true,"href":"https:\/\/www.sudoestehoje.com.br\/novoportal\/wp-json\/wp\/v2\/comments?post=6416"}],"version-history":[{"count":6,"href":"https:\/\/www.sudoestehoje.com.br\/novoportal\/wp-json\/wp\/v2\/posts\/6416\/revisions"}],"predecessor-version":[{"id":6419,"href":"https:\/\/www.sudoestehoje.com.br\/novoportal\/wp-json\/wp\/v2\/posts\/6416\/revisions\/6419"}],"wp:attachment":[{"href":"https:\/\/www.sudoestehoje.com.br\/novoportal\/wp-json\/wp\/v2\/media?parent=6416"}],"wp:term":[{"taxonomy":"category","embeddable":true,"href":"https:\/\/www.sudoestehoje.com.br\/novoportal\/wp-json\/wp\/v2\/categories?post=6416"},{"taxonomy":"post_tag","embeddable":true,"href":"https:\/\/www.sudoestehoje.com.br\/novoportal\/wp-json\/wp\/v2\/tags?post=6416"}],"curies":[{"name":"wp","href":"https:\/\/api.w.org\/{rel}","templated":true}]}}