
{"id":64150,"date":"2017-02-26T14:03:25","date_gmt":"2017-02-26T17:03:25","guid":{"rendered":"http:\/\/www.sudoestehoje.com.br\/novoportal\/?p=64150"},"modified":"2017-02-26T19:56:06","modified_gmt":"2017-02-26T22:56:06","slug":"victor-se-afasta-do-the-voice-apos-acusacao-de-agressao-contra-a-mulher","status":"publish","type":"post","link":"https:\/\/www.sudoestehoje.com.br\/novoportal\/2017\/02\/26\/victor-se-afasta-do-the-voice-apos-acusacao-de-agressao-contra-a-mulher\/","title":{"rendered":"VICTOR SE AFASTA DO &#8220;THE VOICE KIDS&#8221; AP\u00d3S AGRESS\u00c3O CONTRA ESPOSA"},"content":{"rendered":"<div class=\"mc-column content-text active-extra-styles active-capital-letter\" data-block-type=\"unstyled\" data-block-weight=\"28\">\n<p class=\"content-text__container theme-color-primary-first-letter\" data-track-category=\"Link no Texto\" data-track-links=\"\"><a href=\"http:\/\/www.sudoestehoje.com.br\/novoportal\/wp-content\/uploads\/2017\/02\/VITOR-E-LEO.jpg\"><img loading=\"lazy\" decoding=\"async\" class=\"aligncenter size-medium wp-image-64154\" src=\"http:\/\/www.sudoestehoje.com.br\/novoportal\/wp-content\/uploads\/2017\/02\/VITOR-E-LEO-500x313.jpg\" alt=\"VITOR E LEO\" width=\"500\" height=\"313\" srcset=\"https:\/\/www.sudoestehoje.com.br\/novoportal\/wp-content\/uploads\/2017\/02\/VITOR-E-LEO-500x313.jpg 500w, https:\/\/www.sudoestehoje.com.br\/novoportal\/wp-content\/uploads\/2017\/02\/VITOR-E-LEO.jpg 652w\" sizes=\"auto, (max-width: 500px) 100vw, 500px\" \/><\/a><\/p>\n<p class=\"content-text__container theme-color-primary-first-letter\" data-track-category=\"Link no Texto\" data-track-links=\"\"><strong><em>G1<\/em><\/strong><\/p>\n<p class=\"content-text__container theme-color-primary-first-letter\" data-track-category=\"Link no Texto\" data-track-links=\"\">O cantor Victor, da dupla sertaneja Victor &amp; L\u00e9o, pediu para se afastar do programa &#8220;The Voice Kids&#8221; ap\u00f3s a den\u00fancia de que teria agredido a mulher gr\u00e1vida.<\/p>\n<\/div>\n<div class=\"mc-column content-text active-extra-styles \" data-block-type=\"unstyled\" data-block-weight=\"27\">\n<p class=\"content-text__container \" data-track-category=\"Link no Texto\" data-track-links=\"\">O atual programa e o pr\u00f3ximo j\u00e1 est\u00e3o gravados com a presen\u00e7a do cantor como jurado e ser\u00e3o mantidos, informou o apresentador Andr\u00e9 Marques neste domingo (26).<\/p>\n<\/div>\n<div class=\"mc-column content-text active-extra-styles \" data-block-type=\"unstyled\" data-block-weight=\"53\">\n<p class=\"content-text__container \" data-track-category=\"Link no Texto\" data-track-links=\"\">A mulher de Victor, Poliana Chaves, <a href=\"http:\/\/g1.globo.com\/minas-gerais\/noticia\/mulher-de-victor-da-dupla-victor-leo-presta-queixa-de-agressao-em-mg.ghtml\">registrou uma ocorr\u00eancia contra o marido<\/a> na \u00faltima sexta-feira (24). Ela diz ter sido jogada no ch\u00e3o e agredida com chutes. No s\u00e1bado (25), a m\u00e3e do cantor <a href=\"http:\/\/g1.globo.com\/minas-gerais\/noticia\/mulher-do-cantor-vitor-faz-corpo-de-delito-e-sogra-registra-boletim-contra-nora-em-bh.ghtml\">registrou uma queixa contra a nora<\/a>. Victor n\u00e3o se pronunciou sobre o caso at\u00e9 a \u00faltima atualiza\u00e7\u00e3o desta reportagem.<\/p>\n<p class=\"content-text__container \" data-track-category=\"Link no Texto\" data-track-links=\"\"><img loading=\"lazy\" decoding=\"async\" class=\"\" src=\"http:\/\/o.aolcdn.com\/dims-shared\/dims3\/GLOB\/crop\/745x372+0+42\/resize\/630x315!\/format\/jpg\/quality\/85\/http%3A%2F%2Fo.aolcdn.com%2Fhss%2Fstorage%2Fmidas%2Ff1cb89509de437d505c64e22f254f336%2F204982081%2Fvictor%2Bchaves.PNG\" alt=\"Resultado de imagem para cantor Victor\" width=\"500\" height=\"250\" \/><\/p>\n<\/div>\n<div class=\"mc-column content-text active-extra-styles \" data-block-type=\"unstyled\" data-block-weight=\"157\">\n<p class=\"content-text__container \" data-track-category=\"Link no Texto\" data-track-links=\"\">No programa deste domingo, o apresentador Andr\u00e9 Marques disse: \u201cEsta semana aconteceu um fato importante envolvendo um dos t\u00e9cnicos do nosso programa. Uma acusa\u00e7\u00e3o bastante grave de viol\u00eancia dom\u00e9stica envolvendo o Victor. A Globo repudia toda e qualquer forma de viol\u00eancia e acredita que essa acusa\u00e7\u00e3o precisa ser apurada com rigor, garantindo o direito de defesa na busca da verdade. O Victor inclusive nos procurou informando que iria se afastar do programa para se dedicar totalmente a esse caso. No entanto, voc\u00ea que acompanha o nosso The Voice Kids sabe que estamos em um momento muito especial da disputa das crian\u00e7as. Como nosso programa de hoje e da semana que vem j\u00e1 estavam gravados, em respeito a essas crian\u00e7as que se esfor\u00e7aram tanto para chegar at\u00e9 aqui nas batalhas, decidimos manter o programa como ele foi gravado e o jornalismo da Globo vai acompanhar o desenrolar desse caso para que voc\u00ea saiba tudo o que est\u00e1 acontecendo&#8221;. <span style=\"color: #ff0000;\"><strong>CONTINUE LENDO&#8230;<\/strong><\/span><\/p>\n<\/div>\n<p><!--more--><\/p>\n<div class=\"mc-column content-text active-extra-styles\" data-block-type=\"raw\" data-block-weight=\"2\">\n<div class=\"content-intertitle\">\n<h2>A queixa<\/h2>\n<\/div>\n<\/div>\n<div class=\"mc-column content-text active-extra-styles \" data-block-type=\"unstyled\" data-block-weight=\"51\">\n<p class=\"content-text__container \" data-track-category=\"Link no Texto\" data-track-links=\"\">Um dia depois de registrar a ocorr\u00eancia contra o marido, Victor Chaves Zapal\u00e1 Pimentel, de 41 anos, Poliana Bagatini Chaves, de 29 anos, fez <a href=\"http:\/\/g1.globo.com\/minas-gerais\/noticia\/mulher-do-cantor-vitor-faz-corpo-de-delito-e-sogra-registra-boletim-contra-nora-em-bh.ghtml\">exame de corpo de delito no Instituto M\u00e9dico Legal (IML)<\/a>, em Belo Horizonte. Segundo a pol\u00edcia, ela foi \u00e0 delegacia, prestou depoimento e foi encaminhada ao IML.<\/p>\n<\/div>\n<div class=\"content-ads content-ads--reveal\"><\/div>\n<div class=\"mc-column content-text active-extra-styles \" data-block-type=\"unstyled\" data-block-weight=\"46\">\n<p class=\"content-text__container \" data-track-category=\"Link no Texto\" data-track-links=\"\">Segundo a ocorr\u00eancia, Poliana, que est\u00e1 gr\u00e1vida, afirmou ter sido jogada ao ch\u00e3o por Victor e ter recebido v\u00e1rios chutes dele. A briga, de acordo com as informa\u00e7\u00f5es da pol\u00edcia, come\u00e7ou por motivos f\u00fateis. Os dois moram no bairro Luxemburgo, na regi\u00e3o Centro-Sul de Belo Horizonte.<\/p>\n<\/div>\n<div class=\"mc-column content-text active-extra-styles \" data-block-type=\"unstyled\" data-block-weight=\"19\">\n<p class=\"content-text__container \" data-track-category=\"Link no Texto\" data-track-links=\"\">Ela teria sido impedida por um seguran\u00e7a e pela irm\u00e3 do cantor de sair do local ap\u00f3s as agress\u00f5es.<\/p>\n<\/div>\n<div class=\"mc-column content-text active-extra-styles \" data-block-type=\"unstyled\" data-block-weight=\"37\">\n<p class=\"content-text__container \" data-track-category=\"Link no Texto\" data-track-links=\"\">Ainda segundo a pol\u00edcia, ela s\u00f3 conseguiu deixar o pr\u00e9dio ap\u00f3s uma vizinha ouvir a briga e chamar o elevador para Poliana. Depois de ter sa\u00eddo do pr\u00e9dio, ela disse estar sendo amea\u00e7ada pela fam\u00edlia do marido.<\/p>\n<\/div>\n<div class=\"mc-column content-text active-extra-styles \" data-block-type=\"unstyled\" data-block-weight=\"39\">\n<p class=\"content-text__container \" data-track-category=\"Link no Texto\" data-track-links=\"\">Poliana prestou queixa na Delegacia Seccional Sul e depois foi encaminhada para a Delegacia de Mulheres da capital. L\u00e1, segundo a Pol\u00edcia Civil, ela desistiu de prestar depoimento e n\u00e3o fez o exame de corpo de delito naquele dia.<\/p>\n<\/div>\n<div class=\"mc-column content-text active-extra-styles \" data-block-type=\"unstyled\" data-block-weight=\"36\">\n<p class=\"content-text__container \" data-track-category=\"Link no Texto\" data-track-links=\"\">Procurada na sexta-feira, a assessoria do cantor disse que ele est\u00e1 em viagem de f\u00e9rias e que n\u00e3o conseguiu contat\u00e1-lo. Victor ainda n\u00e3o se manifestou sobre o caso. Poliana tamb\u00e9m n\u00e3o falou publicamente sobre o ocorrido.<\/p>\n<\/div>\n<div class=\"mc-column content-text active-extra-styles \" data-block-type=\"unstyled\" data-block-weight=\"31\">\n<p class=\"content-text__container \" data-track-category=\"Link no Texto\" data-track-links=\"\">Victor e Leo participam da segunda temporada do programa &#8220;The Voice Kids&#8221;. Os dois formam um time de t\u00e9cnicos na atra\u00e7\u00e3o. Ivete Sangalo e Carlinhos Brown s\u00e3o os outros dois t\u00e9cnicos.<\/p>\n<\/div>\n","protected":false},"excerpt":{"rendered":"<p>G1 O cantor Victor, da dupla sertaneja Victor &amp; L\u00e9o, pediu para se afastar do programa &#8220;The Voice Kids&#8221; ap\u00f3s a den\u00fancia de que teria agredido a mulher gr\u00e1vida. O atual programa e o pr\u00f3ximo j\u00e1 est\u00e3o gravados com a presen\u00e7a do cantor como jurado e ser\u00e3o mantidos, informou o apresentador Andr\u00e9 Marques neste domingo [&hellip;]<\/p>\n","protected":false},"author":2,"featured_media":0,"comment_status":"open","ping_status":"open","sticky":false,"template":"","format":"standard","meta":{"footnotes":"","_links_to":"","_links_to_target":""},"categories":[1],"tags":[],"class_list":["post-64150","post","type-post","status-publish","format-standard","hentry","category-geral"],"views":2776,"_links":{"self":[{"href":"https:\/\/www.sudoestehoje.com.br\/novoportal\/wp-json\/wp\/v2\/posts\/64150","targetHints":{"allow":["GET"]}}],"collection":[{"href":"https:\/\/www.sudoestehoje.com.br\/novoportal\/wp-json\/wp\/v2\/posts"}],"about":[{"href":"https:\/\/www.sudoestehoje.com.br\/novoportal\/wp-json\/wp\/v2\/types\/post"}],"author":[{"embeddable":true,"href":"https:\/\/www.sudoestehoje.com.br\/novoportal\/wp-json\/wp\/v2\/users\/2"}],"replies":[{"embeddable":true,"href":"https:\/\/www.sudoestehoje.com.br\/novoportal\/wp-json\/wp\/v2\/comments?post=64150"}],"version-history":[{"count":4,"href":"https:\/\/www.sudoestehoje.com.br\/novoportal\/wp-json\/wp\/v2\/posts\/64150\/revisions"}],"predecessor-version":[{"id":64155,"href":"https:\/\/www.sudoestehoje.com.br\/novoportal\/wp-json\/wp\/v2\/posts\/64150\/revisions\/64155"}],"wp:attachment":[{"href":"https:\/\/www.sudoestehoje.com.br\/novoportal\/wp-json\/wp\/v2\/media?parent=64150"}],"wp:term":[{"taxonomy":"category","embeddable":true,"href":"https:\/\/www.sudoestehoje.com.br\/novoportal\/wp-json\/wp\/v2\/categories?post=64150"},{"taxonomy":"post_tag","embeddable":true,"href":"https:\/\/www.sudoestehoje.com.br\/novoportal\/wp-json\/wp\/v2\/tags?post=64150"}],"curies":[{"name":"wp","href":"https:\/\/api.w.org\/{rel}","templated":true}]}}