
{"id":64120,"date":"2017-02-24T15:20:04","date_gmt":"2017-02-24T18:20:04","guid":{"rendered":"http:\/\/www.sudoestehoje.com.br\/novoportal\/?p=64120"},"modified":"2017-02-24T19:27:05","modified_gmt":"2017-02-24T22:27:05","slug":"brasil-ex-goleiro-do-flamengo-consegue-habeas-corpus-e-deve-ser-solto-hoje","status":"publish","type":"post","link":"https:\/\/www.sudoestehoje.com.br\/novoportal\/2017\/02\/24\/brasil-ex-goleiro-do-flamengo-consegue-habeas-corpus-e-deve-ser-solto-hoje\/","title":{"rendered":"BRASIL: EX-GOLEIRO DO FLAMENGO CONSEGUE HABEAS CORPUS E DEVE SER SOLTO HOJE"},"content":{"rendered":"<p><a href=\"http:\/\/www.sudoestehoje.com.br\/novoportal\/wp-content\/uploads\/2017\/02\/bruno.jpg\"><img loading=\"lazy\" decoding=\"async\" class=\"aligncenter wp-image-64121\" src=\"http:\/\/www.sudoestehoje.com.br\/novoportal\/wp-content\/uploads\/2017\/02\/bruno.jpg\" alt=\"bruno\" width=\"501\" height=\"314\" \/><\/a><\/p>\n<p>O goleiro Bruno recebeu um habeas corpus da Justi\u00e7a e deve deixar o pres\u00eddio em breve. Uma liminar, deferida pelo ministro Marco Aur\u00e9lio Mello, do Supremo Tribunal Federal, permite que o jogador recorra em liberdade da condena\u00e7\u00e3o pelo sequestro, morte e oculta\u00e7\u00e3o do cad\u00e1ver da modelo Eliza Samudio.\u00a0A informa\u00e7\u00e3o foi publicada pelo jornal Estado de Minas e confirmada pelo GloboEsporte.com.<\/p>\n<p>&#8211;\u00a0O alvar\u00e1 foi emitido na noite de ontem (23) e j\u00e1 est\u00e1 na Vara de Execu\u00e7\u00f5es Penais de Santa Luzia &#8211; afirmou L\u00facio Adolfo, advogado do atleta ao jornal mineiro.<\/p>\n<p class=\"\">Segundo seu defensor, o jogador deve deixar a pris\u00e3o ainda nesta sexta-feira. Por\u00e9m, a assessoria de imprensa do Tribunal de Justi\u00e7a de Minas Gerais disse que n\u00e3o tem como precisar a data da sa\u00edda do goleiro por causa do tr\u00e2mite envolvendo o processo. Bruno est\u00e1 na\u00a0APAC, em Santa Luzia, na Regi\u00e3o Metropolitana de Belo Horizonte, desde outubro de 2015. \/\/<strong><em>G1<\/em><\/strong><\/p>\n<p class=\"\"><img loading=\"lazy\" decoding=\"async\" class=\"\" src=\"http:\/\/s2.glbimg.com\/eONiyWpZ9_KjX_JpO7JGJUw7U6E=\/0x110:720x1180\/300x446\/s.glbimg.com\/es\/ge\/f\/original\/2017\/02\/24\/whatsapp_image_2017-02-24_at_09.32.07.jpeg\" alt=\"Habeas Corpus goleiro Bruno (Foto: Reprodu\u00e7\u00e3o)\" width=\"375\" height=\"558\" \/><\/p>\n","protected":false},"excerpt":{"rendered":"<p>O goleiro Bruno recebeu um habeas corpus da Justi\u00e7a e deve deixar o pres\u00eddio em breve. Uma liminar, deferida pelo ministro Marco Aur\u00e9lio Mello, do Supremo Tribunal Federal, permite que o jogador recorra em liberdade da condena\u00e7\u00e3o pelo sequestro, morte e oculta\u00e7\u00e3o do cad\u00e1ver da modelo Eliza Samudio.\u00a0A informa\u00e7\u00e3o foi publicada pelo jornal Estado de [&hellip;]<\/p>\n","protected":false},"author":2,"featured_media":64121,"comment_status":"open","ping_status":"open","sticky":false,"template":"","format":"standard","meta":{"footnotes":"","_links_to":"","_links_to_target":""},"categories":[1],"tags":[],"class_list":["post-64120","post","type-post","status-publish","format-standard","has-post-thumbnail","hentry","category-geral"],"views":1198,"_links":{"self":[{"href":"https:\/\/www.sudoestehoje.com.br\/novoportal\/wp-json\/wp\/v2\/posts\/64120","targetHints":{"allow":["GET"]}}],"collection":[{"href":"https:\/\/www.sudoestehoje.com.br\/novoportal\/wp-json\/wp\/v2\/posts"}],"about":[{"href":"https:\/\/www.sudoestehoje.com.br\/novoportal\/wp-json\/wp\/v2\/types\/post"}],"author":[{"embeddable":true,"href":"https:\/\/www.sudoestehoje.com.br\/novoportal\/wp-json\/wp\/v2\/users\/2"}],"replies":[{"embeddable":true,"href":"https:\/\/www.sudoestehoje.com.br\/novoportal\/wp-json\/wp\/v2\/comments?post=64120"}],"version-history":[{"count":3,"href":"https:\/\/www.sudoestehoje.com.br\/novoportal\/wp-json\/wp\/v2\/posts\/64120\/revisions"}],"predecessor-version":[{"id":64124,"href":"https:\/\/www.sudoestehoje.com.br\/novoportal\/wp-json\/wp\/v2\/posts\/64120\/revisions\/64124"}],"wp:featuredmedia":[{"embeddable":true,"href":"https:\/\/www.sudoestehoje.com.br\/novoportal\/wp-json\/wp\/v2\/media\/64121"}],"wp:attachment":[{"href":"https:\/\/www.sudoestehoje.com.br\/novoportal\/wp-json\/wp\/v2\/media?parent=64120"}],"wp:term":[{"taxonomy":"category","embeddable":true,"href":"https:\/\/www.sudoestehoje.com.br\/novoportal\/wp-json\/wp\/v2\/categories?post=64120"},{"taxonomy":"post_tag","embeddable":true,"href":"https:\/\/www.sudoestehoje.com.br\/novoportal\/wp-json\/wp\/v2\/tags?post=64120"}],"curies":[{"name":"wp","href":"https:\/\/api.w.org\/{rel}","templated":true}]}}