
{"id":6412,"date":"2011-07-05T10:10:32","date_gmt":"2011-07-05T13:10:32","guid":{"rendered":"http:\/\/www.sudoestehoje.com.br\/novoportal\/?p=6412"},"modified":"2011-07-05T10:10:32","modified_gmt":"2011-07-05T13:10:32","slug":"itarantim-pmdb-e-pt-podem-se-unir-em-torno-de-uma-candidatura-de-oposicao-a-gideao","status":"publish","type":"post","link":"https:\/\/www.sudoestehoje.com.br\/novoportal\/2011\/07\/05\/itarantim-pmdb-e-pt-podem-se-unir-em-torno-de-uma-candidatura-de-oposicao-a-gideao\/","title":{"rendered":"ITARANTIM: PMDB e PT PODEM SE UNIR EM TORNO DE UMA CANDIDATURA DE OPOSI\u00c7\u00c3O A GIDE\u00c3O"},"content":{"rendered":"<p style=\"text-align: center;\"><img decoding=\"async\" class=\"aligncenter\" src=\"http:\/\/3.bp.blogspot.com\/_uq6liMBhfMI\/SbwVTe6LlZI\/AAAAAAAAA3s\/dLpSe9h4Fg8\/s400\/Ricardo_Souto+e+Lucio.jpg\" alt=\"\" \/><\/p>\n<p style=\"text-align: center;\"><em><strong>PMDB de L\u00facio deve se unir ao PT de Rosemberg em Itarantim<\/strong><\/em><\/p>\n<p>\u00a0<\/p>\n<p>ITARANTIM: O ex-prefeito de Itarantim, Ricardo Souto (PMDB), (foto) realizou uma reuni\u00e3o na sua resid\u00eancia com a pol\u00edticos que comp\u00f5em a &#8216;verdadeira&#8217; oposi\u00e7\u00e3o do munic\u00edpio. A pauta foi a sucess\u00e3o municipal de 2012 e a uni\u00e3o das oposi\u00e7\u00f5es, em torno de uma candidatura \u00fanica.<\/p>\n<p>Participaram da reuni\u00e3o os vereadores Pedro Paulo (PRP), Jadiel Matos (PSB), o presidente do PT, Kleber Fonseca e o presidente do PMDB, Antonio Roberto, este \u00faltimo ligado \u00e0 ex-deputada Virginia Hagge e ao presidente estadual do PMDB, deputado L\u00facio Vieira Lima.<\/p>\n<p>Ainda nesta semana Ricardo Souto dever\u00e1 se reunir com o ex-prefeito C\u00edcero Alencar (PDT). Os dois pretendem fazer uma composi\u00e7\u00e3o visando a sucess\u00e3o, sendo que o vice-governador Otto Alencar (PSD), avalizou a alian\u00e7a. Com informa\u00e7\u00f5es do Pol\u00edticos do Sul da Bahia<\/p>\n","protected":false},"excerpt":{"rendered":"<p>PMDB de L\u00facio deve se unir ao PT de Rosemberg em Itarantim \u00a0 ITARANTIM: O ex-prefeito de Itarantim, Ricardo Souto (PMDB), (foto) realizou uma reuni\u00e3o na sua resid\u00eancia com a pol\u00edticos que comp\u00f5em a &#8216;verdadeira&#8217; oposi\u00e7\u00e3o do munic\u00edpio. A pauta foi a sucess\u00e3o municipal de 2012 e a uni\u00e3o das oposi\u00e7\u00f5es, em torno de uma [&hellip;]<\/p>\n","protected":false},"author":2,"featured_media":0,"comment_status":"open","ping_status":"open","sticky":false,"template":"","format":"standard","meta":{"footnotes":"","_links_to":"","_links_to_target":""},"categories":[1],"tags":[],"class_list":["post-6412","post","type-post","status-publish","format-standard","hentry","category-geral"],"views":1279,"_links":{"self":[{"href":"https:\/\/www.sudoestehoje.com.br\/novoportal\/wp-json\/wp\/v2\/posts\/6412","targetHints":{"allow":["GET"]}}],"collection":[{"href":"https:\/\/www.sudoestehoje.com.br\/novoportal\/wp-json\/wp\/v2\/posts"}],"about":[{"href":"https:\/\/www.sudoestehoje.com.br\/novoportal\/wp-json\/wp\/v2\/types\/post"}],"author":[{"embeddable":true,"href":"https:\/\/www.sudoestehoje.com.br\/novoportal\/wp-json\/wp\/v2\/users\/2"}],"replies":[{"embeddable":true,"href":"https:\/\/www.sudoestehoje.com.br\/novoportal\/wp-json\/wp\/v2\/comments?post=6412"}],"version-history":[{"count":3,"href":"https:\/\/www.sudoestehoje.com.br\/novoportal\/wp-json\/wp\/v2\/posts\/6412\/revisions"}],"predecessor-version":[{"id":6415,"href":"https:\/\/www.sudoestehoje.com.br\/novoportal\/wp-json\/wp\/v2\/posts\/6412\/revisions\/6415"}],"wp:attachment":[{"href":"https:\/\/www.sudoestehoje.com.br\/novoportal\/wp-json\/wp\/v2\/media?parent=6412"}],"wp:term":[{"taxonomy":"category","embeddable":true,"href":"https:\/\/www.sudoestehoje.com.br\/novoportal\/wp-json\/wp\/v2\/categories?post=6412"},{"taxonomy":"post_tag","embeddable":true,"href":"https:\/\/www.sudoestehoje.com.br\/novoportal\/wp-json\/wp\/v2\/tags?post=6412"}],"curies":[{"name":"wp","href":"https:\/\/api.w.org\/{rel}","templated":true}]}}