
{"id":64116,"date":"2017-02-24T14:46:15","date_gmt":"2017-02-24T17:46:15","guid":{"rendered":"http:\/\/www.sudoestehoje.com.br\/novoportal\/?p=64116"},"modified":"2017-02-24T14:46:15","modified_gmt":"2017-02-24T17:46:15","slug":"macarani-prefeito-miller-ferraz-antecipa-pagamento-dos-salarios-de-fevereiro","status":"publish","type":"post","link":"https:\/\/www.sudoestehoje.com.br\/novoportal\/2017\/02\/24\/macarani-prefeito-miller-ferraz-antecipa-pagamento-dos-salarios-de-fevereiro\/","title":{"rendered":"MACARANI: PREFEITO MILLER FERRAZ ANTECIPA PAGAMENTO DOS SAL\u00c1RIOS DE FEVEREIRO"},"content":{"rendered":"<p><a href=\"http:\/\/www.sudoestehoje.com.br\/novoportal\/wp-content\/uploads\/2017\/02\/miller.jpg\"><img loading=\"lazy\" decoding=\"async\" class=\"aligncenter size-medium wp-image-64117\" src=\"http:\/\/www.sudoestehoje.com.br\/novoportal\/wp-content\/uploads\/2017\/02\/miller-500x375.jpg\" alt=\"miller\" width=\"500\" height=\"375\" \/><\/a><\/p>\n<p>Ontem dia, 23 de fevereiro, o Prefeito Dr. Miller Ferraz, pagou antecipadamente o sal\u00e1rio do m\u00eas aos servidores do munic\u00edpio, conseguindo vencer a burocracia que o obrigou a pagar os sal\u00e1rios de janeiro somente no in\u00edcio de fevereiro.<\/p>\n<p>Com isto, a prefeitura normalizou a situa\u00e7\u00e3o salarial de todos os seus servidores, permitindo que eles liquidem os seus compromissos financeiros e possam usufruir o &#8216;feriad\u00e3o&#8217; de Carnaval, sem maiores preocupa\u00e7\u00f5es.<\/p>\n<p><em>&#8220;Fizemos o dever de casa e economizamos para, com recursos pr\u00f3prios do munic\u00edpio, podermos antecipar o pagamento de fevereiro que deveria ser feito no dia 28, pagamos dia, 23, garantindo, assim, a tranquilidade aos nossos funcion\u00e1rios para que descansem no per\u00edodo do carnaval, tranquilos com suas fam\u00edlias e amigos. Um excelente feriado prolongado a todos, e no dia 1\u00ba de mar\u00e7o, estaremos todos n\u00f3s retornando ao trabalho pelo bem de Macarani&#8221;<\/em>, declarou o prefeito Dr. Miller Ferraz. \/\/<em>Ascom Prefeitura<\/em><\/p>\n","protected":false},"excerpt":{"rendered":"<p>Ontem dia, 23 de fevereiro, o Prefeito Dr. Miller Ferraz, pagou antecipadamente o sal\u00e1rio do m\u00eas aos servidores do munic\u00edpio, conseguindo vencer a burocracia que o obrigou a pagar os sal\u00e1rios de janeiro somente no in\u00edcio de fevereiro. Com isto, a prefeitura normalizou a situa\u00e7\u00e3o salarial de todos os seus servidores, permitindo que eles liquidem [&hellip;]<\/p>\n","protected":false},"author":2,"featured_media":0,"comment_status":"open","ping_status":"open","sticky":false,"template":"","format":"standard","meta":{"footnotes":"","_links_to":"","_links_to_target":""},"categories":[1],"tags":[],"class_list":["post-64116","post","type-post","status-publish","format-standard","hentry","category-geral"],"views":1423,"_links":{"self":[{"href":"https:\/\/www.sudoestehoje.com.br\/novoportal\/wp-json\/wp\/v2\/posts\/64116","targetHints":{"allow":["GET"]}}],"collection":[{"href":"https:\/\/www.sudoestehoje.com.br\/novoportal\/wp-json\/wp\/v2\/posts"}],"about":[{"href":"https:\/\/www.sudoestehoje.com.br\/novoportal\/wp-json\/wp\/v2\/types\/post"}],"author":[{"embeddable":true,"href":"https:\/\/www.sudoestehoje.com.br\/novoportal\/wp-json\/wp\/v2\/users\/2"}],"replies":[{"embeddable":true,"href":"https:\/\/www.sudoestehoje.com.br\/novoportal\/wp-json\/wp\/v2\/comments?post=64116"}],"version-history":[{"count":1,"href":"https:\/\/www.sudoestehoje.com.br\/novoportal\/wp-json\/wp\/v2\/posts\/64116\/revisions"}],"predecessor-version":[{"id":64118,"href":"https:\/\/www.sudoestehoje.com.br\/novoportal\/wp-json\/wp\/v2\/posts\/64116\/revisions\/64118"}],"wp:attachment":[{"href":"https:\/\/www.sudoestehoje.com.br\/novoportal\/wp-json\/wp\/v2\/media?parent=64116"}],"wp:term":[{"taxonomy":"category","embeddable":true,"href":"https:\/\/www.sudoestehoje.com.br\/novoportal\/wp-json\/wp\/v2\/categories?post=64116"},{"taxonomy":"post_tag","embeddable":true,"href":"https:\/\/www.sudoestehoje.com.br\/novoportal\/wp-json\/wp\/v2\/tags?post=64116"}],"curies":[{"name":"wp","href":"https:\/\/api.w.org\/{rel}","templated":true}]}}