
{"id":64109,"date":"2017-02-24T09:26:50","date_gmt":"2017-02-24T12:26:50","guid":{"rendered":"http:\/\/www.sudoestehoje.com.br\/novoportal\/?p=64109"},"modified":"2017-02-24T09:28:10","modified_gmt":"2017-02-24T12:28:10","slug":"nota-de-pesar-da-prefeitura-de-itapetinga","status":"publish","type":"post","link":"https:\/\/www.sudoestehoje.com.br\/novoportal\/2017\/02\/24\/nota-de-pesar-da-prefeitura-de-itapetinga\/","title":{"rendered":"NOTA DE PESAR DA PREFEITURA DE ITAPETINGA"},"content":{"rendered":"<div id=\"attachment_64110\" style=\"width: 415px\" class=\"wp-caption aligncenter\"><a href=\"http:\/\/www.sudoestehoje.com.br\/novoportal\/wp-content\/uploads\/2017\/02\/VIT\u00d3RIA.jpg\"><img loading=\"lazy\" decoding=\"async\" aria-describedby=\"caption-attachment-64110\" class=\"size-full wp-image-64110\" src=\"http:\/\/www.sudoestehoje.com.br\/novoportal\/wp-content\/uploads\/2017\/02\/VIT\u00d3RIA.jpg\" alt=\"VIT\u00d3RIA MIRELLY\" width=\"405\" height=\"450\" \/><\/a><p id=\"caption-attachment-64110\" class=\"wp-caption-text\"><strong>VIT\u00d3RIA MIRELLY MOREIRA DA SILVA<\/strong><\/p><\/div>\n<p>A Prefeitura Municipal de Itapetinga, consternada com o fat\u00eddico acidente ocorrido durante o Projeto Ver\u00e3o Itapetinga, vem a p\u00fablico externar seu pesar pelo falecimento de Vit\u00f3ria Mirelly Moreira da Silva, 14 anos. Nesta quinta-feira, 23, \u00faltimo dia do evento que vinha acontecendo h\u00e1 tr\u00eas semanas, o Parque da Lagoa se encheu, mais uma vez, para praticar sa\u00fade em atividades f\u00edsicas lideradas pelas diversas academias e st\u00fadios da cidade. Com o aumento da chuva, algumas pessoas resolveram abrigar-se embaixo do palco de onde eram lideradas as aulas. A combina\u00e7\u00e3o entre equipamentos el\u00e9tricos, \u00e1gua e o metal da estrutura do palco, fizeram do abrigo escolhido por alguns o lugar mais perigoso da festa. Ao tentar sair de onde se protegia da chuva, a jovem Vit\u00f3ria encostou na estrutura met\u00e1lica \u2013 condutora de energia \u2013 e foi eletrocutada. Segundo o Coordenador de Enfermagem do SAMU, Sim\u00e3o Pedro dos Reis, a jovem faleceu no local, v\u00edtima de uma parada cardiorrespirat\u00f3ria ocasionada pela forte descarga el\u00e9trica. O coordenador afirma que todo o procedimento necess\u00e1rio foi feito: a massagem card\u00edaca foi mantida at\u00e9 a chegada da ambul\u00e2ncia para a desfibriliza\u00e7\u00e3o e entubamento. Mas, infelizmente, o quadro era irrevers\u00edvel. A corrente el\u00e9trica j\u00e1 havia percorrido seu corpo e prejudicado pulm\u00f5es e o cora\u00e7\u00e3o. Em busca de amenizar o sofrimento, a Prefeitura de Itapetinga disponibilizou todo o suporte poss\u00edvel \u00e0 fam\u00edlia, desde assistente social e psic\u00f3logo para os entes enlutados, at\u00e9 todo o aparato funer\u00e1rio. O prefeito Rodrigo Hagge esteve no Hospital Cristo Redentor, para onde Vit\u00f3ria foi levada de imediato, para solidarizar-se com os familiares e tomar as medidas necess\u00e1rias e cab\u00edveis. A tristeza e o inconformismo tomaram lugar da alegria e da anima\u00e7\u00e3o que vinham sendo espalhadas durante as \u00faltimas tr\u00eas semanas de realiza\u00e7\u00e3o do evento. A Prefeitura Municipal de Itapetinga se enluta por perder, de forma t\u00e3o tr\u00e1gica, uma itapetinguense t\u00e3o jovem e deseja a amigos e familiares for\u00e7a e f\u00e9 para seguir em frente, mantendo-se de p\u00e9, apesar da dor que hoje os consome.<\/p>\n<p style=\"text-align: center;\"><strong>Rodrigo Hagge <\/strong><\/p>\n<p style=\"text-align: center;\"><strong>Prefeito de Itapetinga<\/strong><\/p>\n","protected":false},"excerpt":{"rendered":"<p>A Prefeitura Municipal de Itapetinga, consternada com o fat\u00eddico acidente ocorrido durante o Projeto Ver\u00e3o Itapetinga, vem a p\u00fablico externar seu pesar pelo falecimento de Vit\u00f3ria Mirelly Moreira da Silva, 14 anos. Nesta quinta-feira, 23, \u00faltimo dia do evento que vinha acontecendo h\u00e1 tr\u00eas semanas, o Parque da Lagoa se encheu, mais uma vez, para [&hellip;]<\/p>\n","protected":false},"author":2,"featured_media":64110,"comment_status":"open","ping_status":"open","sticky":false,"template":"","format":"standard","meta":{"footnotes":"","_links_to":"","_links_to_target":""},"categories":[1],"tags":[],"class_list":["post-64109","post","type-post","status-publish","format-standard","has-post-thumbnail","hentry","category-geral"],"views":2358,"_links":{"self":[{"href":"https:\/\/www.sudoestehoje.com.br\/novoportal\/wp-json\/wp\/v2\/posts\/64109","targetHints":{"allow":["GET"]}}],"collection":[{"href":"https:\/\/www.sudoestehoje.com.br\/novoportal\/wp-json\/wp\/v2\/posts"}],"about":[{"href":"https:\/\/www.sudoestehoje.com.br\/novoportal\/wp-json\/wp\/v2\/types\/post"}],"author":[{"embeddable":true,"href":"https:\/\/www.sudoestehoje.com.br\/novoportal\/wp-json\/wp\/v2\/users\/2"}],"replies":[{"embeddable":true,"href":"https:\/\/www.sudoestehoje.com.br\/novoportal\/wp-json\/wp\/v2\/comments?post=64109"}],"version-history":[{"count":3,"href":"https:\/\/www.sudoestehoje.com.br\/novoportal\/wp-json\/wp\/v2\/posts\/64109\/revisions"}],"predecessor-version":[{"id":64114,"href":"https:\/\/www.sudoestehoje.com.br\/novoportal\/wp-json\/wp\/v2\/posts\/64109\/revisions\/64114"}],"wp:featuredmedia":[{"embeddable":true,"href":"https:\/\/www.sudoestehoje.com.br\/novoportal\/wp-json\/wp\/v2\/media\/64110"}],"wp:attachment":[{"href":"https:\/\/www.sudoestehoje.com.br\/novoportal\/wp-json\/wp\/v2\/media?parent=64109"}],"wp:term":[{"taxonomy":"category","embeddable":true,"href":"https:\/\/www.sudoestehoje.com.br\/novoportal\/wp-json\/wp\/v2\/categories?post=64109"},{"taxonomy":"post_tag","embeddable":true,"href":"https:\/\/www.sudoestehoje.com.br\/novoportal\/wp-json\/wp\/v2\/tags?post=64109"}],"curies":[{"name":"wp","href":"https:\/\/api.w.org\/{rel}","templated":true}]}}