
{"id":64107,"date":"2017-02-24T01:03:14","date_gmt":"2017-02-24T04:03:14","guid":{"rendered":"http:\/\/www.sudoestehoje.com.br\/novoportal\/?p=64107"},"modified":"2017-02-24T01:03:14","modified_gmt":"2017-02-24T04:03:14","slug":"presidentes-das-camaras-de-itapetinga-e-itambe-pedem-liberacao-da-parada-do-gancho-em-conquista","status":"publish","type":"post","link":"https:\/\/www.sudoestehoje.com.br\/novoportal\/2017\/02\/24\/presidentes-das-camaras-de-itapetinga-e-itambe-pedem-liberacao-da-parada-do-gancho-em-conquista\/","title":{"rendered":"PRESIDENTES DAS C\u00c2MARAS DE ITAPETINGA E ITAMB\u00c9 PEDEM LIBERA\u00c7\u00c3O DA PARADA DO &#8220;GANCHO&#8221; EM CONQUISTA"},"content":{"rendered":"<p><img loading=\"lazy\" decoding=\"async\" class=\"\" src=\"http:\/\/itapetinga.ba.leg.br\/institucional\/noticias\/presidentes-das-camaras-de-itapetinga-e-itambe-vao-se-reunir-com-prefeito-de-vitoria-da-conquista-para-solicitar-retorno-de-parada-de-onibus-no-201cgancho201d\/image\" alt=\"Presidentes das c\u00e2maras de Itapetinga e Itamb\u00e9 v\u00e3o se reunir com prefeito de Vit\u00f3ria da Conquista para solicitar retorno de parada de \u00f4nibus no \u201cGancho\u201d \" width=\"501\" height=\"282\" \/><\/p>\n<p>Desde que a Prefeitura Municipal de Vit\u00f3ria da Conquista (PMVC) proibiu a parada de \u00f4nibus intermunicipal na regi\u00e3o conhecida como \u2018Gancho\u2019, vereadores de munic\u00edpios vizinhos t\u00eam sido procurados por pessoas que reclamam de transtornos para embarcar e desembarcar na terceira maior cidade do estado, que \u00e9 um polo regional de com\u00e9rcio e servi\u00e7os, especialmente nas \u00e1reas de sa\u00fade e educa\u00e7\u00e3o.<\/p>\n<p>Na tentativa de encontrar uma solu\u00e7\u00e3o para os passageiros, o presidente da C\u00e2mara Municipal de Itapetinga, Eliomar Barreira\/Tarug\u00e3o (PMDB), promoveu um encontro na \u00faltima quarta-feira (22) com o chefe do Poder Legislativo de Itamb\u00e9, Sivaldo de Abreu, o Ce\u00e7ula. Durante a conversa, que aconteceu no gabinete de Tarug\u00e3o, os presidentes decidiram agendar um encontro com o prefeito Herzem Gusm\u00e3o. A reuni\u00e3o est\u00e1 marcada para o pr\u00f3ximo dia 3 de mar\u00e7o em Vit\u00f3ria da Conquista.<\/p>\n<p><img loading=\"lazy\" decoding=\"async\" class=\"\" src=\"http:\/\/www.blogdorodrigoferraz.com.br\/wp-content\/uploads\/2017\/02\/parada-rota-2.jpg\" alt=\"Imagem relacionada\" width=\"500\" height=\"294\" \/><\/p>\n<p>De acordo com informa\u00e7\u00f5es da PMVC, as modifica\u00e7\u00f5es tiveram como objetivo melhorar o fluxo numa regi\u00e3o de tr\u00e2nsito confuso, devido ao tr\u00e1fego intenso, trazendo mais seguran\u00e7a para os condutores. Ao chegar \u00e0 cidade, os \u00f4nibus t\u00eam acesso \u00e0 Esta\u00e7\u00e3o Rodovi\u00e1ria pela Avenida Ulysses Guimar\u00e3es, na altura do Hotel Ibis, passando pelo Hospital de Base.<\/p>\n<p>Em nota enviada \u00e0 C\u00e2mara Municipal de Itapetinga, a Prefeitura de Vit\u00f3ria da Conquista informou que as empresas de \u00f4nibus v\u00e3o apresentar um projeto em um novo espa\u00e7o com recuo para que os \u00f4nibus possam realizar a parada para embarque e desembarque dos passageiros, com seguran\u00e7a e sem causar transtornos ao tr\u00e2nsito. A Administra\u00e7\u00e3o Municipal aguarda a apresenta\u00e7\u00e3o do referido projeto para avalia\u00e7\u00e3o.<\/p>\n<p>Enquanto isso, a nota aponta que \u00e9 v\u00e1lida a Portaria n\u00ba 02\/2017 que estabelece que o embarque e\/ou desembarque de passageiros do transporte coletivo intermunicipal ser\u00e1 proibido apenas nas extens\u00f5es das Avenidas Bartolomeu de Gusm\u00e3o e Juracy Magalh\u00e3es. \/\/<em>Ascom C\u00e2mara<\/em><\/p>\n","protected":false},"excerpt":{"rendered":"<p>Desde que a Prefeitura Municipal de Vit\u00f3ria da Conquista (PMVC) proibiu a parada de \u00f4nibus intermunicipal na regi\u00e3o conhecida como \u2018Gancho\u2019, vereadores de munic\u00edpios vizinhos t\u00eam sido procurados por pessoas que reclamam de transtornos para embarcar e desembarcar na terceira maior cidade do estado, que \u00e9 um polo regional de com\u00e9rcio e servi\u00e7os, especialmente nas [&hellip;]<\/p>\n","protected":false},"author":2,"featured_media":0,"comment_status":"open","ping_status":"open","sticky":false,"template":"","format":"standard","meta":{"footnotes":"","_links_to":"","_links_to_target":""},"categories":[1],"tags":[],"class_list":["post-64107","post","type-post","status-publish","format-standard","hentry","category-geral"],"views":1396,"_links":{"self":[{"href":"https:\/\/www.sudoestehoje.com.br\/novoportal\/wp-json\/wp\/v2\/posts\/64107","targetHints":{"allow":["GET"]}}],"collection":[{"href":"https:\/\/www.sudoestehoje.com.br\/novoportal\/wp-json\/wp\/v2\/posts"}],"about":[{"href":"https:\/\/www.sudoestehoje.com.br\/novoportal\/wp-json\/wp\/v2\/types\/post"}],"author":[{"embeddable":true,"href":"https:\/\/www.sudoestehoje.com.br\/novoportal\/wp-json\/wp\/v2\/users\/2"}],"replies":[{"embeddable":true,"href":"https:\/\/www.sudoestehoje.com.br\/novoportal\/wp-json\/wp\/v2\/comments?post=64107"}],"version-history":[{"count":1,"href":"https:\/\/www.sudoestehoje.com.br\/novoportal\/wp-json\/wp\/v2\/posts\/64107\/revisions"}],"predecessor-version":[{"id":64108,"href":"https:\/\/www.sudoestehoje.com.br\/novoportal\/wp-json\/wp\/v2\/posts\/64107\/revisions\/64108"}],"wp:attachment":[{"href":"https:\/\/www.sudoestehoje.com.br\/novoportal\/wp-json\/wp\/v2\/media?parent=64107"}],"wp:term":[{"taxonomy":"category","embeddable":true,"href":"https:\/\/www.sudoestehoje.com.br\/novoportal\/wp-json\/wp\/v2\/categories?post=64107"},{"taxonomy":"post_tag","embeddable":true,"href":"https:\/\/www.sudoestehoje.com.br\/novoportal\/wp-json\/wp\/v2\/tags?post=64107"}],"curies":[{"name":"wp","href":"https:\/\/api.w.org\/{rel}","templated":true}]}}