
{"id":64102,"date":"2017-02-23T01:56:17","date_gmt":"2017-02-23T04:56:17","guid":{"rendered":"http:\/\/www.sudoestehoje.com.br\/novoportal\/?p=64102"},"modified":"2017-02-23T01:56:17","modified_gmt":"2017-02-23T04:56:17","slug":"brasil-camara-aprova-criacao-de-documento-unico-de-identidade","status":"publish","type":"post","link":"https:\/\/www.sudoestehoje.com.br\/novoportal\/2017\/02\/23\/brasil-camara-aprova-criacao-de-documento-unico-de-identidade\/","title":{"rendered":"BRASIL: C\u00c2MARA APROVA CRIA\u00c7\u00c3O DE DOCUMENTO \u00daNICO DE IDENTIDADE"},"content":{"rendered":"<p><img loading=\"lazy\" decoding=\"async\" class=\"\" src=\"https:\/\/abrilveja.files.wordpress.com\/2017\/02\/doc-unico-identidade.jpg?quality=70&amp;strip=all&amp;w=680&amp;h=453&amp;crop=1\" alt=\"Documento \u00fanico de identidade\" width=\"501\" height=\"334\" \/><\/p>\n<p>A C\u00e2mara dos Deputados aprovou nesta ter\u00e7a-feira um projeto de lei que cria o Documento de Identifica\u00e7\u00e3o Nacional (DIN), que re\u00fane todos os dados dos brasileiros em um s\u00f3 documento de tecnologia de chip. Agora, projeto ser\u00e1 enviado ao Senado e, se aprovado, dever\u00e1 passar pela san\u00e7\u00e3o do presidente Michel Temer.<\/p>\n<p>De acordo com a ag\u00eancia C\u00e2mara, o DIN dispensar\u00e1 a apresenta\u00e7\u00e3o dos documentos que lhe deram origem ou nele mencionados e ser\u00e1 emitido pela Justi\u00e7a Eleitoral, ou por delega\u00e7\u00e3o do Tribunal Superior Eleitoral (TSE) a outros \u00f3rg\u00e3os, podendo substituir o t\u00edtulo de eleitor.<\/p>\n<p>O documento ser\u00e1 impresso pela Casa da Moeda e o CPF ser\u00e1 usado como base para a identifica\u00e7\u00e3o do cidad\u00e3o.<\/p>\n","protected":false},"excerpt":{"rendered":"<p>A C\u00e2mara dos Deputados aprovou nesta ter\u00e7a-feira um projeto de lei que cria o Documento de Identifica\u00e7\u00e3o Nacional (DIN), que re\u00fane todos os dados dos brasileiros em um s\u00f3 documento de tecnologia de chip. Agora, projeto ser\u00e1 enviado ao Senado e, se aprovado, dever\u00e1 passar pela san\u00e7\u00e3o do presidente Michel Temer. De acordo com a [&hellip;]<\/p>\n","protected":false},"author":2,"featured_media":0,"comment_status":"open","ping_status":"open","sticky":false,"template":"","format":"standard","meta":{"footnotes":"","_links_to":"","_links_to_target":""},"categories":[1],"tags":[],"class_list":["post-64102","post","type-post","status-publish","format-standard","hentry","category-geral"],"views":1725,"_links":{"self":[{"href":"https:\/\/www.sudoestehoje.com.br\/novoportal\/wp-json\/wp\/v2\/posts\/64102","targetHints":{"allow":["GET"]}}],"collection":[{"href":"https:\/\/www.sudoestehoje.com.br\/novoportal\/wp-json\/wp\/v2\/posts"}],"about":[{"href":"https:\/\/www.sudoestehoje.com.br\/novoportal\/wp-json\/wp\/v2\/types\/post"}],"author":[{"embeddable":true,"href":"https:\/\/www.sudoestehoje.com.br\/novoportal\/wp-json\/wp\/v2\/users\/2"}],"replies":[{"embeddable":true,"href":"https:\/\/www.sudoestehoje.com.br\/novoportal\/wp-json\/wp\/v2\/comments?post=64102"}],"version-history":[{"count":1,"href":"https:\/\/www.sudoestehoje.com.br\/novoportal\/wp-json\/wp\/v2\/posts\/64102\/revisions"}],"predecessor-version":[{"id":64103,"href":"https:\/\/www.sudoestehoje.com.br\/novoportal\/wp-json\/wp\/v2\/posts\/64102\/revisions\/64103"}],"wp:attachment":[{"href":"https:\/\/www.sudoestehoje.com.br\/novoportal\/wp-json\/wp\/v2\/media?parent=64102"}],"wp:term":[{"taxonomy":"category","embeddable":true,"href":"https:\/\/www.sudoestehoje.com.br\/novoportal\/wp-json\/wp\/v2\/categories?post=64102"},{"taxonomy":"post_tag","embeddable":true,"href":"https:\/\/www.sudoestehoje.com.br\/novoportal\/wp-json\/wp\/v2\/tags?post=64102"}],"curies":[{"name":"wp","href":"https:\/\/api.w.org\/{rel}","templated":true}]}}