
{"id":64100,"date":"2017-02-23T01:42:00","date_gmt":"2017-02-23T04:42:00","guid":{"rendered":"http:\/\/www.sudoestehoje.com.br\/novoportal\/?p=64100"},"modified":"2017-02-23T01:42:00","modified_gmt":"2017-02-23T04:42:00","slug":"brasil-luz-barata-de-dilma-custara-r-62-bilhoes-para-o-consumidor","status":"publish","type":"post","link":"https:\/\/www.sudoestehoje.com.br\/novoportal\/2017\/02\/23\/brasil-luz-barata-de-dilma-custara-r-62-bilhoes-para-o-consumidor\/","title":{"rendered":"BRASIL: &#8220;LUZ BARATA&#8221; DE DILMA CUSTAR\u00c1 R$ 62 BILH\u00d5ES PARA O CONSUMIDOR"},"content":{"rendered":"<div class=\"_6l- __c_\">\n<div class=\"uiScaledImageContainer _6m5 fbStoryAttachmentImage\"><img loading=\"lazy\" decoding=\"async\" class=\"scaledImageFitWidth img\" src=\"https:\/\/external.fsdu7-1.fna.fbcdn.net\/safe_image.php?d=AQBmPI3c27HRAqQl&amp;w=476&amp;h=249&amp;url=fbstaging%3A%2F%2Fgraph.facebook.com%2Fstaging_resources%2FMDE3MzIyOTE1NzM1OTgxNDc6MTk2MTc0Mzk4Nw%3D%3D&amp;cfs=1&amp;upscale=1&amp;sx=0&amp;sy=12&amp;sw=960&amp;sh=502&amp;_nc_hash=AQCsgtNSvHPhWIZd\" alt=\"\" width=\"501\" height=\"261\" \/><\/div>\n<\/div>\n<p>Mais de quatro anos depois de a presidente Dilma Rousseff intervir no setor el\u00e9trico para reduzir a conta de luz em 20% \u2014 queda que foi anulada por aumentos que ultrapassaram 50% em 2015 \u2014, um novo esqueleto do setor el\u00e9trico ganhou corpo ontem.<\/p>\n<p>A Ag\u00eancia Nacional de Energia El\u00e9trica (Aneel) bateu o martelo e definiu em R$ 62,2 bilh\u00f5es o valor de indeniza\u00e7\u00f5es a transmissoras de energia. O consumidor vai arcar com esta fatura nas contas de luz at\u00e9 2025. A estimativa \u00e9 que esta decis\u00e3o signifique um efeito m\u00e9dio de alta nas tarifas de 7,17% este ano.<\/p>\n<p>O valor do reajuste que ser\u00e1 efetivamente pago pelo consumidor, por\u00e9m, depende de outras vari\u00e1veis que afetam a conta de luz \u2014 como subs\u00eddios, custo de gera\u00e7\u00e3o da energia de Itaipu, comportamento do d\u00f3lar, entre outros \u2014 e \u00e9 definido de acordo com cada distribuidora.<\/p>\n","protected":false},"excerpt":{"rendered":"<p>Mais de quatro anos depois de a presidente Dilma Rousseff intervir no setor el\u00e9trico para reduzir a conta de luz em 20% \u2014 queda que foi anulada por aumentos que ultrapassaram 50% em 2015 \u2014, um novo esqueleto do setor el\u00e9trico ganhou corpo ontem. A Ag\u00eancia Nacional de Energia El\u00e9trica (Aneel) bateu o martelo e [&hellip;]<\/p>\n","protected":false},"author":2,"featured_media":0,"comment_status":"open","ping_status":"open","sticky":false,"template":"","format":"standard","meta":{"footnotes":"","_links_to":"","_links_to_target":""},"categories":[1],"tags":[],"class_list":["post-64100","post","type-post","status-publish","format-standard","hentry","category-geral"],"views":1498,"_links":{"self":[{"href":"https:\/\/www.sudoestehoje.com.br\/novoportal\/wp-json\/wp\/v2\/posts\/64100","targetHints":{"allow":["GET"]}}],"collection":[{"href":"https:\/\/www.sudoestehoje.com.br\/novoportal\/wp-json\/wp\/v2\/posts"}],"about":[{"href":"https:\/\/www.sudoestehoje.com.br\/novoportal\/wp-json\/wp\/v2\/types\/post"}],"author":[{"embeddable":true,"href":"https:\/\/www.sudoestehoje.com.br\/novoportal\/wp-json\/wp\/v2\/users\/2"}],"replies":[{"embeddable":true,"href":"https:\/\/www.sudoestehoje.com.br\/novoportal\/wp-json\/wp\/v2\/comments?post=64100"}],"version-history":[{"count":1,"href":"https:\/\/www.sudoestehoje.com.br\/novoportal\/wp-json\/wp\/v2\/posts\/64100\/revisions"}],"predecessor-version":[{"id":64101,"href":"https:\/\/www.sudoestehoje.com.br\/novoportal\/wp-json\/wp\/v2\/posts\/64100\/revisions\/64101"}],"wp:attachment":[{"href":"https:\/\/www.sudoestehoje.com.br\/novoportal\/wp-json\/wp\/v2\/media?parent=64100"}],"wp:term":[{"taxonomy":"category","embeddable":true,"href":"https:\/\/www.sudoestehoje.com.br\/novoportal\/wp-json\/wp\/v2\/categories?post=64100"},{"taxonomy":"post_tag","embeddable":true,"href":"https:\/\/www.sudoestehoje.com.br\/novoportal\/wp-json\/wp\/v2\/tags?post=64100"}],"curies":[{"name":"wp","href":"https:\/\/api.w.org\/{rel}","templated":true}]}}