
{"id":64039,"date":"2017-02-18T19:26:25","date_gmt":"2017-02-18T22:26:25","guid":{"rendered":"http:\/\/www.sudoestehoje.com.br\/novoportal\/?p=64039"},"modified":"2017-02-19T22:54:03","modified_gmt":"2017-02-20T01:54:03","slug":"camara-de-caatiba-realiza-sessao-solene-de-abertura-dos-trabalhos-do-legislativo","status":"publish","type":"post","link":"https:\/\/www.sudoestehoje.com.br\/novoportal\/2017\/02\/18\/camara-de-caatiba-realiza-sessao-solene-de-abertura-dos-trabalhos-do-legislativo\/","title":{"rendered":"C\u00c2MARA DE CAATIBA REALIZA SESS\u00c3O SOLENE DE ABERTURA DOS TRABALHOS DO LEGISLATIVO"},"content":{"rendered":"<p><img loading=\"lazy\" decoding=\"async\" class=\"\" src=\"https:\/\/scontent-gru2-1.xx.fbcdn.net\/v\/t1.0-9\/16831915_1284320548326010_7277968911129954942_n.jpg?oh=321b0c3415fd62dde17760f6aa851de1&amp;oe=590039D1\" alt=\"A imagem pode conter: 3 pessoas, pessoas sentadas\" width=\"500\" height=\"333\" \/><\/p>\n<p>A C\u00e2mara de Vereadores de Caatiba realizou na manh\u00e3 desta sexta-feira (17), sess\u00e3o solene de abertura dos trabalhos do legislativo para o ano de 2017. A sess\u00e3o foi presidida pelo vereador Ronaldo Santos Sousa (PTC), presidente da mesa diretora da casa.\u00a0 O Presidente da C\u00e2mara de Vereadores iniciou os trabalhos convidando o Pastor Emanuel Rocha Fran\u00e7a para deixar uma mensagem de otimismo em um momento de ora\u00e7\u00e3o.<\/p>\n<p><img loading=\"lazy\" decoding=\"async\" class=\"\" src=\"https:\/\/scontent-gru2-1.xx.fbcdn.net\/v\/t1.0-9\/16649363_1284321498325915_6547389891071888268_n.jpg?oh=7e7f8f810c5f777b0f3d993926e5fcc2&amp;oe=594BF1B8\" alt=\"A imagem pode conter: 11 pessoas, pessoas sorrindo, pessoas em p\u00e9, terno e \u00e1rea interna\" width=\"500\" height=\"333\" \/><\/p>\n<p>Na sess\u00e3o, conforme prev\u00ea o regimento interno e a lei org\u00e2nica do munic\u00edpio, foi apresentada a mensagem do Poder Executivo Municipal pelo prefeito interino, Lu\u00eds Paulo Sousa Paiva (PR), que compareceu na solenidade, desejando votos de \u00eaxito na legislatura que ora se inicia e ressaltando a import\u00e2ncia de uma rela\u00e7\u00e3o respeitosa e harm\u00f4nica entre os poderes Executivo e Legislativo Municipal, para que proceda de fato a intera\u00e7\u00e3o em nome do bem estar da comunidade Caatibense, uma vez que ali recai a responsabilidade entre os dois poderes como representantes leg\u00edtimos do povo no sentido de conduzir os destinos da popula\u00e7\u00e3o. Ainda em seu discurso, o Prefeito interino Paulo Paiva, cita algumas a\u00e7\u00f5es executadas na cidade, dizendo que mesmo diante as dificuldades, tem buscado colocar o munic\u00edpio em ordem, assim como tentado viabilizar condi\u00e7\u00f5es para bem servir o povo Caatibense.<img decoding=\"async\" src=\"http:\/\/www.sudoestehoje.com.br\/novoportal\/wp-content\/uploads\/2014\/11\/Logomarca-HB-Sementes-500x134.jpg\" alt=\"Resultado de imagem para SEMENTES HB  ITAPETINGA\" \/><\/p>\n<p><span style=\"color: #ff0000;\"><strong><em>CONTINUE LENDO&#8230;<\/em><\/strong><\/span><\/p>\n<p><!--more--><\/p>\n<p><img loading=\"lazy\" decoding=\"async\" class=\"\" src=\"https:\/\/scontent-gru2-1.xx.fbcdn.net\/v\/t1.0-9\/16807831_1284321784992553_8952058885636819423_n.jpg?oh=89695f54384b22fd3d7f590c625dcfca&amp;oe=59340991\" alt=\"A imagem pode conter: 8 pessoas, pessoas sorrindo, pessoas em p\u00e9 e \u00e1rea interna\" width=\"500\" height=\"333\" \/><\/p>\n<p>Seguindo o protocolo foi realizada a chamada nominal de presen\u00e7a dos Edis, e em seguida foi aberto o espa\u00e7o para que cada vereador fizesse seu pronunciamento. Nesse momento, cada um de maneira particular expressou a vontade de prestar o seu servi\u00e7o em prol da comunidade, de criar uma parceria justa e coesa com o poder executivo para o novo mandato, bem como de assegurar uma legislatura baseada no compromisso e responsabilidade valorizando assim cada voto de confian\u00e7a recebido no pleito que os nomeou como representantes da comunidade.<\/p>\n<p><img loading=\"lazy\" decoding=\"async\" class=\"\" src=\"https:\/\/scontent-gru2-1.xx.fbcdn.net\/v\/t1.0-9\/16807185_1284322031659195_9067170260824766907_n.jpg?oh=086d9b0b6f37e4f79bf97f364cdddbcc&amp;oe=593A5911\" alt=\"A imagem pode conter: 2 pessoas, pessoas sorrindo, pessoas em p\u00e9\" width=\"500\" height=\"333\" \/><\/p>\n<p>Na sequ\u00eancia da solenidade o Presidente da Casa Legislativa, fez uso da tribuna para fazer seu pronunciamento, dando boas vindas \u00e0 comunidade presente e \u00e0 nova gest\u00e3o da casa de Leis, onde tamb\u00e9m colocou os anseios para o seu mandatado para o bi\u00eanio, enfatizando a necessidade de um pleito baseado em uma constante harmonia entre os poderes. Destaca a import\u00e2ncia da boa execu\u00e7\u00e3o dos servi\u00e7os no exerc\u00edcio de 2017 a 2020, mostrando a comunidade uma gest\u00e3o inovadora que permita o progresso e o crescimento. O Presidente da C\u00e2mara Ronaldo Santos, fala ainda da crise econ\u00f4mica \u00e1 n\u00edvel de pa\u00eds que atinge diretamente os pequenos munic\u00edpios, trazendo dessa forma enormes dificuldades de gest\u00e3o. Ainda em seu discurso, o presidente da casa de leis, salienta os grandes problemas do munic\u00edpio de Caatiba que sofreu uma significante altera\u00e7\u00e3o na sua receita, tornado invi\u00e1vel muitas a\u00e7\u00f5es administrativas em benef\u00edcio da comunidade.<\/p>\n<p><img loading=\"lazy\" decoding=\"async\" class=\"\" src=\"https:\/\/scontent-gru2-1.xx.fbcdn.net\/v\/t1.0-9\/16830865_1284320198326045_1739031228408658234_n.jpg?oh=d31543d821e34ea96cd1271a69dfa13e&amp;oe=594298E0\" alt=\"A imagem pode conter: 10 pessoas, pessoas sentadas e \u00e1rea interna\" width=\"500\" height=\"333\" \/><\/p>\n<p>Na oportunidade, o Presidente do Legislativo fala da recente reforma realizada no espa\u00e7o f\u00edsico da C\u00e2mara, que foi modernizada trazendo assim uma melhor comodidade ao povo, participa ainda aos presentes que a C\u00e2mara Municipal ter\u00e1 a partir de seu mandato um site oficial de comunica\u00e7\u00e3o, concedendo assim transpar\u00eancia nas a\u00e7\u00f5es e servi\u00e7os prestados, como tamb\u00e9m facilitar\u00e1 o contato dos vereadores com a comunidade. Aproveitando o momento, o Presidente da C\u00e2mara pede para ser distribu\u00eddo para os vereadores kits contendo bottom, carteira e chaveiro, dizendo que apesar da singeleza, ali simboliza o in\u00edcio de uma rela\u00e7\u00e3o afetuosa da nova gest\u00e3o.<\/p>\n<p><img loading=\"lazy\" decoding=\"async\" class=\"\" src=\"https:\/\/scontent-gru2-1.xx.fbcdn.net\/v\/t1.0-9\/16649549_1284320974992634_7901332455010343680_n.jpg?oh=6df7f324fbc4882fe64e7d8745ea374c&amp;oe=59345BB3\" alt=\"A imagem pode conter: 4 pessoas\" width=\"500\" height=\"333\" \/><\/p>\n<p>O presidente da C\u00e2mara encerra seu pronunciamento, deixando claro que para o bom andamento das a\u00e7\u00f5es legislativas \u00e9 imprescind\u00edvel uma boa conviv\u00eancia entre os membros da casa, independente de quest\u00f5es partid\u00e1rias. \u201cPrecisamos voltar nossa aten\u00e7\u00e3o ao povo, raz\u00e3o maior de estarmos aqui, retomando a confian\u00e7a da comunidade com o poder legislativo e nos colocando \u00e1 disposi\u00e7\u00e3o para servi-los.\u201d Conclui.<\/p>\n<p>Depois de cumprido todo o protocolo de abertura dos trabelhos do legislativo, deu-se por encerrada a solenidade. \/\/<strong><em>Ascom\u00a0<\/em><\/strong><\/p>\n","protected":false},"excerpt":{"rendered":"<p>A C\u00e2mara de Vereadores de Caatiba realizou na manh\u00e3 desta sexta-feira (17), sess\u00e3o solene de abertura dos trabalhos do legislativo para o ano de 2017. A sess\u00e3o foi presidida pelo vereador Ronaldo Santos Sousa (PTC), presidente da mesa diretora da casa.\u00a0 O Presidente da C\u00e2mara de Vereadores iniciou os trabalhos convidando o Pastor Emanuel Rocha [&hellip;]<\/p>\n","protected":false},"author":2,"featured_media":0,"comment_status":"open","ping_status":"open","sticky":false,"template":"","format":"standard","meta":{"footnotes":"","_links_to":"","_links_to_target":""},"categories":[1],"tags":[],"class_list":["post-64039","post","type-post","status-publish","format-standard","hentry","category-geral"],"views":2617,"_links":{"self":[{"href":"https:\/\/www.sudoestehoje.com.br\/novoportal\/wp-json\/wp\/v2\/posts\/64039","targetHints":{"allow":["GET"]}}],"collection":[{"href":"https:\/\/www.sudoestehoje.com.br\/novoportal\/wp-json\/wp\/v2\/posts"}],"about":[{"href":"https:\/\/www.sudoestehoje.com.br\/novoportal\/wp-json\/wp\/v2\/types\/post"}],"author":[{"embeddable":true,"href":"https:\/\/www.sudoestehoje.com.br\/novoportal\/wp-json\/wp\/v2\/users\/2"}],"replies":[{"embeddable":true,"href":"https:\/\/www.sudoestehoje.com.br\/novoportal\/wp-json\/wp\/v2\/comments?post=64039"}],"version-history":[{"count":8,"href":"https:\/\/www.sudoestehoje.com.br\/novoportal\/wp-json\/wp\/v2\/posts\/64039\/revisions"}],"predecessor-version":[{"id":64058,"href":"https:\/\/www.sudoestehoje.com.br\/novoportal\/wp-json\/wp\/v2\/posts\/64039\/revisions\/64058"}],"wp:attachment":[{"href":"https:\/\/www.sudoestehoje.com.br\/novoportal\/wp-json\/wp\/v2\/media?parent=64039"}],"wp:term":[{"taxonomy":"category","embeddable":true,"href":"https:\/\/www.sudoestehoje.com.br\/novoportal\/wp-json\/wp\/v2\/categories?post=64039"},{"taxonomy":"post_tag","embeddable":true,"href":"https:\/\/www.sudoestehoje.com.br\/novoportal\/wp-json\/wp\/v2\/tags?post=64039"}],"curies":[{"name":"wp","href":"https:\/\/api.w.org\/{rel}","templated":true}]}}