
{"id":64033,"date":"2017-02-18T09:47:17","date_gmt":"2017-02-18T12:47:17","guid":{"rendered":"http:\/\/www.sudoestehoje.com.br\/novoportal\/?p=64033"},"modified":"2017-02-19T23:05:45","modified_gmt":"2017-02-20T02:05:45","slug":"bandidos-com-armas-de-guerra-tocaram-o-terror-no-marcal","status":"publish","type":"post","link":"https:\/\/www.sudoestehoje.com.br\/novoportal\/2017\/02\/18\/bandidos-com-armas-de-guerra-tocaram-o-terror-no-marcal\/","title":{"rendered":"BANDIDOS COM ARMAS DE GUERRA TOCARAM O TERROR NO MAR\u00c7AL"},"content":{"rendered":"<p><img loading=\"lazy\" decoding=\"async\" class=\"\" src=\"https:\/\/scontent.fsdu7-1.fna.fbcdn.net\/v\/t1.0-9\/16830672_1283019445122787_8336362398359337397_n.jpg?oh=7e5a40eaa8b83cc303325e1111e92801&amp;oe=59005526\" alt=\"A imagem pode conter: fogo, atividades ao ar livre e natureza\" width=\"501\" height=\"282\" \/><\/p>\n<p>Criminosos armados \u201cat\u00e9 os dentes\u201d explodiram um carro-forte da empresa Prossegur, por volta das 17h desta sexta-feira, 17, na BA 263, pr\u00f3ximo a Serra do Mar\u00e7al, na divisa entre os munic\u00edpios de Itamb\u00e9 e Vit\u00f3ria da Conquista.<\/p>\n<p>O ve\u00edculo de valores seguia em dire\u00e7\u00e3o a Conquista quando foi interceptado. Foram disparados tiros contra o carro-forte, que, quando fechado pelos bandidos, tombou na lateral oposta da rodovia. Os seguran\u00e7as sa\u00edram do ve\u00edculo e procuraram abrigo.<\/p>\n<p><img loading=\"lazy\" decoding=\"async\" class=\"\" src=\"https:\/\/scontent.fsdu7-1.fna.fbcdn.net\/v\/t1.0-9\/16807044_1283019568456108_2743030724231798372_n.jpg?oh=25f7f8097268989d104b5acb5d4f19f3&amp;oe=590205B0\" alt=\"A imagem pode conter: uma ou mais pessoas, pessoas em p\u00e9, montanha, atividades ao ar livre e natureza\" width=\"501\" height=\"282\" \/><\/p>\n<p>Ao mesmo tempo, os ladr\u00f5es atiraram nos pneus de dois caminh\u00f5es, que foram tomados dos motoristas e atravessados na pista.<\/p>\n<p>Os meliantes explodiram o ve\u00edculo de valores, subtra\u00edram parte do dinheiro e fugiram a bordo de um Renault Duster e uma picape Strada vermelha. Quatro funcion\u00e1rios da empresa de valores sofreram escoria\u00e7\u00f5es e passam bem.<\/p>\n<p>DINAMITE E ARMAS PESADAS<\/p>\n<p><img loading=\"lazy\" decoding=\"async\" class=\"\" src=\"http:\/\/blitzconquista.com.br\/wp-content\/uploads\/2017\/02\/explos%C3%A3o-carro-forte-ba-263-vc-itb-17-02-2017-7_17-02-2017.jpg\" width=\"501\" height=\"332\" \/><\/p>\n<p>O carro-forte pegou fogo ap\u00f3s a explos\u00e3o e desceu morro abaixo.\u00a0Como os bandidos utilizaram uma sobrecarga de explosivos, algumas \u201cbananas\u201d foram arremessadas, ainda intactas, a metros de dist\u00e2ncia.<\/p>\n<p>Destro\u00e7os do carro-forte ficaram espalhados num raio superior a 50 metros.\u00a0Segundo relato de testemunhas, pelo menos seis bandidos participaram da a\u00e7\u00e3o. Eles utilizavam armas de grosso calibre, uma delas seria uma .50, utilizada para abater aeronaves.<\/p>\n<p><img loading=\"lazy\" decoding=\"async\" class=\"\" src=\"https:\/\/scontent.fsdu7-1.fna.fbcdn.net\/v\/t1.0-9\/16684156_1283792961712102_3974235173584031124_n.jpg?oh=1bc2c37ec45a8de926a568b979db6dec&amp;oe=592FBB54\" alt=\"A imagem pode conter: uma ou mais pessoas, carro e atividades ao ar livre\" width=\"501\" height=\"503\" \/><\/p>\n<p>Um morador da regi\u00e3o presenciou o bando incendiando um dos ve\u00edculos nas imedia\u00e7\u00f5es da entrada de um lugar chamado Barro Vermelho, a cerca de 3 quil\u00f4metros do local do fato. Entretanto, os bandidos seguiram na dire\u00e7\u00e3o oposta, por uma estrada vicinal, em dire\u00e7\u00e3o a divisa com o estado de Minas Gerais.<\/p>\n<p>CARRO DO ASSALTO ENCONTRADO EM INHOBIM<\/p>\n<p><img loading=\"lazy\" decoding=\"async\" class=\"\" src=\"http:\/\/blitzconquista.com.br\/wp-content\/uploads\/2017\/02\/asdfasdfasdf-990x557.jpg\" width=\"501\" height=\"282\" \/><\/p>\n<p>A Pol\u00edcia Militar localizou um dos ve\u00edculos utilizados pelo bando que explodiu o carro forte na BA 263, na tarde desta sexta-feira, 18, nas proximidades da Serra do Mar\u00e7al.<\/p>\n<p>O Fiat Strada foi abandonado na estada do povoado de \u201cJussara\u201d, acesso ao Distrito de Inhobim, munic\u00edpio de Vit\u00f3ria da Conquista. No interior do ve\u00edculo foi encontrada uma pistola calibre 45. \/\/<em>Blitz Conquista<\/em><\/p>\n<p><img loading=\"lazy\" decoding=\"async\" class=\"\" src=\"http:\/\/3.bp.blogspot.com\/-dioEG1NItjE\/WFqwpYy12DI\/AAAAAAABp_U\/C4BbEtN7bcwGHR0HJI3Gm_PmfImUqTNagCK4B\/s1600\/supermoda.jpg\" alt=\"Resultado de imagem para SUPERMODAS ITAPETINGA\" width=\"501\" height=\"202\" \/><\/p>\n","protected":false},"excerpt":{"rendered":"<p>Criminosos armados \u201cat\u00e9 os dentes\u201d explodiram um carro-forte da empresa Prossegur, por volta das 17h desta sexta-feira, 17, na BA 263, pr\u00f3ximo a Serra do Mar\u00e7al, na divisa entre os munic\u00edpios de Itamb\u00e9 e Vit\u00f3ria da Conquista. O ve\u00edculo de valores seguia em dire\u00e7\u00e3o a Conquista quando foi interceptado. Foram disparados tiros contra o carro-forte, [&hellip;]<\/p>\n","protected":false},"author":2,"featured_media":0,"comment_status":"open","ping_status":"open","sticky":false,"template":"","format":"standard","meta":{"footnotes":"","_links_to":"","_links_to_target":""},"categories":[1],"tags":[],"class_list":["post-64033","post","type-post","status-publish","format-standard","hentry","category-geral"],"views":3944,"_links":{"self":[{"href":"https:\/\/www.sudoestehoje.com.br\/novoportal\/wp-json\/wp\/v2\/posts\/64033","targetHints":{"allow":["GET"]}}],"collection":[{"href":"https:\/\/www.sudoestehoje.com.br\/novoportal\/wp-json\/wp\/v2\/posts"}],"about":[{"href":"https:\/\/www.sudoestehoje.com.br\/novoportal\/wp-json\/wp\/v2\/types\/post"}],"author":[{"embeddable":true,"href":"https:\/\/www.sudoestehoje.com.br\/novoportal\/wp-json\/wp\/v2\/users\/2"}],"replies":[{"embeddable":true,"href":"https:\/\/www.sudoestehoje.com.br\/novoportal\/wp-json\/wp\/v2\/comments?post=64033"}],"version-history":[{"count":5,"href":"https:\/\/www.sudoestehoje.com.br\/novoportal\/wp-json\/wp\/v2\/posts\/64033\/revisions"}],"predecessor-version":[{"id":64059,"href":"https:\/\/www.sudoestehoje.com.br\/novoportal\/wp-json\/wp\/v2\/posts\/64033\/revisions\/64059"}],"wp:attachment":[{"href":"https:\/\/www.sudoestehoje.com.br\/novoportal\/wp-json\/wp\/v2\/media?parent=64033"}],"wp:term":[{"taxonomy":"category","embeddable":true,"href":"https:\/\/www.sudoestehoje.com.br\/novoportal\/wp-json\/wp\/v2\/categories?post=64033"},{"taxonomy":"post_tag","embeddable":true,"href":"https:\/\/www.sudoestehoje.com.br\/novoportal\/wp-json\/wp\/v2\/tags?post=64033"}],"curies":[{"name":"wp","href":"https:\/\/api.w.org\/{rel}","templated":true}]}}