
{"id":64031,"date":"2017-02-17T22:14:41","date_gmt":"2017-02-18T01:14:41","guid":{"rendered":"http:\/\/www.sudoestehoje.com.br\/novoportal\/?p=64031"},"modified":"2017-02-17T22:14:41","modified_gmt":"2017-02-18T01:14:41","slug":"afastado-do-bom-dia-brasil-chico-pinheiro-passa-por-cirurgia-no-coracao","status":"publish","type":"post","link":"https:\/\/www.sudoestehoje.com.br\/novoportal\/2017\/02\/17\/afastado-do-bom-dia-brasil-chico-pinheiro-passa-por-cirurgia-no-coracao\/","title":{"rendered":"AFASTADO DO &#8220;BOM DIA BRASIL&#8221;, CHICO PINHEIRO PASSA POR CIRURGIA NO CORA\u00c7\u00c3O"},"content":{"rendered":"<p><img loading=\"lazy\" decoding=\"async\" class=\"\" src=\"http:\/\/cdn.istoe.com.br\/wp-content\/uploads\/sites\/14\/2017\/02\/chico-pinheiro-a-780x440.jpg\" alt=\"Cr\u00e9dito: Reprodu\u00e7\u00e3o\/Rede Globo\" width=\"500\" height=\"282\" \/><\/p>\n<p>O jornalista Chico Pinheiro, da TV Globo, que estava afastado da bancada do Bom Dia Brasil nos \u00faltimos dias, passou por um procedimento m\u00e9dico simples em que teve que colocar um stent na regi\u00e3o do cora\u00e7\u00e3o.<\/p>\n<p>Em nota, a assessoria do canal informou que \u201cChico Pinheiro j\u00e1 est\u00e1 em casa e retorna \u00e0 bancada do Bom Dia Brasil nesta sexta-feira [17]. Ele passou por um procedimento m\u00e9dico preventivo, recomendado ap\u00f3s um check-up e j\u00e1 teve alta\u201d.<\/p>\n<p>Sua presen\u00e7a na cobertura do carnaval paulista tamb\u00e9m segue confirmada.<\/p>\n","protected":false},"excerpt":{"rendered":"<p>O jornalista Chico Pinheiro, da TV Globo, que estava afastado da bancada do Bom Dia Brasil nos \u00faltimos dias, passou por um procedimento m\u00e9dico simples em que teve que colocar um stent na regi\u00e3o do cora\u00e7\u00e3o. Em nota, a assessoria do canal informou que \u201cChico Pinheiro j\u00e1 est\u00e1 em casa e retorna \u00e0 bancada do [&hellip;]<\/p>\n","protected":false},"author":2,"featured_media":0,"comment_status":"open","ping_status":"open","sticky":false,"template":"","format":"standard","meta":{"footnotes":"","_links_to":"","_links_to_target":""},"categories":[1],"tags":[],"class_list":["post-64031","post","type-post","status-publish","format-standard","hentry","category-geral"],"views":1702,"_links":{"self":[{"href":"https:\/\/www.sudoestehoje.com.br\/novoportal\/wp-json\/wp\/v2\/posts\/64031","targetHints":{"allow":["GET"]}}],"collection":[{"href":"https:\/\/www.sudoestehoje.com.br\/novoportal\/wp-json\/wp\/v2\/posts"}],"about":[{"href":"https:\/\/www.sudoestehoje.com.br\/novoportal\/wp-json\/wp\/v2\/types\/post"}],"author":[{"embeddable":true,"href":"https:\/\/www.sudoestehoje.com.br\/novoportal\/wp-json\/wp\/v2\/users\/2"}],"replies":[{"embeddable":true,"href":"https:\/\/www.sudoestehoje.com.br\/novoportal\/wp-json\/wp\/v2\/comments?post=64031"}],"version-history":[{"count":1,"href":"https:\/\/www.sudoestehoje.com.br\/novoportal\/wp-json\/wp\/v2\/posts\/64031\/revisions"}],"predecessor-version":[{"id":64032,"href":"https:\/\/www.sudoestehoje.com.br\/novoportal\/wp-json\/wp\/v2\/posts\/64031\/revisions\/64032"}],"wp:attachment":[{"href":"https:\/\/www.sudoestehoje.com.br\/novoportal\/wp-json\/wp\/v2\/media?parent=64031"}],"wp:term":[{"taxonomy":"category","embeddable":true,"href":"https:\/\/www.sudoestehoje.com.br\/novoportal\/wp-json\/wp\/v2\/categories?post=64031"},{"taxonomy":"post_tag","embeddable":true,"href":"https:\/\/www.sudoestehoje.com.br\/novoportal\/wp-json\/wp\/v2\/tags?post=64031"}],"curies":[{"name":"wp","href":"https:\/\/api.w.org\/{rel}","templated":true}]}}