
{"id":64027,"date":"2017-02-17T19:20:01","date_gmt":"2017-02-17T22:20:01","guid":{"rendered":"http:\/\/www.sudoestehoje.com.br\/novoportal\/?p=64027"},"modified":"2017-02-18T13:00:33","modified_gmt":"2017-02-18T16:00:33","slug":"conquista-carro-forte-e-assaltado-e-incendiado-na-serra-do-marcal","status":"publish","type":"post","link":"https:\/\/www.sudoestehoje.com.br\/novoportal\/2017\/02\/17\/conquista-carro-forte-e-assaltado-e-incendiado-na-serra-do-marcal\/","title":{"rendered":"CONQUISTA: CARRO FORTE \u00c9 ASSALTADO E INCENDIADO NA SERRA DO MAR\u00c7AL"},"content":{"rendered":"<p><img loading=\"lazy\" decoding=\"async\" class=\"\" src=\"https:\/\/scontent.fsdu7-1.fna.fbcdn.net\/v\/t1.0-9\/16830660_1283019535122778_8766301843368919270_n.jpg?oh=ce230bcf3c4d4102bc917f4d8c2007e4&amp;oe=59029844\" alt=\"A imagem pode conter: uma ou mais pessoas e atividades ao ar livre\" width=\"501\" height=\"282\" \/><\/p>\n<p>Um carro forte blindado, que fazia transporte de valores entre Itapetinga e Vit\u00f3ria da Conquista, foi abordado por bandidos na tarde desta sexta-feira, e acabou sendo incendiado, na Serra do Mar\u00e7al, na BA-263.<\/p>\n<p>Segundo as primeiras informa\u00e7\u00f5es, os bandidos que estavam em um Renaut Duster branco, dispararam contra os pneus do carro forte, com armas pesadas, levando o motorista a perder o controle e descer ribanceira abaixo.<\/p>\n<p><img loading=\"lazy\" decoding=\"async\" class=\"\" src=\"https:\/\/scontent-gru2-1.xx.fbcdn.net\/v\/t1.0-9\/16807166_1283986551692743_2706840860567880998_n.jpg?oh=d2de1e493e5268d56d1559be0b2e7578&amp;oe=593C7FDA\" alt=\"A imagem pode conter: uma ou mais pessoas e fogo\" width=\"501\" height=\"282\" \/><\/p>\n<p>Ap\u00f3s o tombamento, o carro blindado pegou fogo e destruiu parte do carregamento dos valores transportados. Populares tentaram saquear as c\u00e9dulas que ficaram espalhadas no local, mas a maior parte ficou destru\u00edda.<\/p>\n<p>Ainda n\u00e3o h\u00e1 informa\u00e7\u00f5es seguras se os malotes com dinheiro foram levados pelos bandidos, nem sobre o estado de sa\u00fade dos seguran\u00e7as e motorista do carro forte.<\/p>\n<p>A Pol\u00edcia faz dilig\u00eancia na regi\u00e3o, em busca do paradeiro da quadrilha de assaltantes.<\/p>\n<p><strong><em>Por Davi Ferraz<\/em><\/strong><\/p>\n","protected":false},"excerpt":{"rendered":"<p>Um carro forte blindado, que fazia transporte de valores entre Itapetinga e Vit\u00f3ria da Conquista, foi abordado por bandidos na tarde desta sexta-feira, e acabou sendo incendiado, na Serra do Mar\u00e7al, na BA-263. Segundo as primeiras informa\u00e7\u00f5es, os bandidos que estavam em um Renaut Duster branco, dispararam contra os pneus do carro forte, com armas [&hellip;]<\/p>\n","protected":false},"author":2,"featured_media":0,"comment_status":"open","ping_status":"open","sticky":false,"template":"","format":"standard","meta":{"footnotes":"","_links_to":"","_links_to_target":""},"categories":[1],"tags":[],"class_list":["post-64027","post","type-post","status-publish","format-standard","hentry","category-geral"],"views":16856,"_links":{"self":[{"href":"https:\/\/www.sudoestehoje.com.br\/novoportal\/wp-json\/wp\/v2\/posts\/64027","targetHints":{"allow":["GET"]}}],"collection":[{"href":"https:\/\/www.sudoestehoje.com.br\/novoportal\/wp-json\/wp\/v2\/posts"}],"about":[{"href":"https:\/\/www.sudoestehoje.com.br\/novoportal\/wp-json\/wp\/v2\/types\/post"}],"author":[{"embeddable":true,"href":"https:\/\/www.sudoestehoje.com.br\/novoportal\/wp-json\/wp\/v2\/users\/2"}],"replies":[{"embeddable":true,"href":"https:\/\/www.sudoestehoje.com.br\/novoportal\/wp-json\/wp\/v2\/comments?post=64027"}],"version-history":[{"count":4,"href":"https:\/\/www.sudoestehoje.com.br\/novoportal\/wp-json\/wp\/v2\/posts\/64027\/revisions"}],"predecessor-version":[{"id":64038,"href":"https:\/\/www.sudoestehoje.com.br\/novoportal\/wp-json\/wp\/v2\/posts\/64027\/revisions\/64038"}],"wp:attachment":[{"href":"https:\/\/www.sudoestehoje.com.br\/novoportal\/wp-json\/wp\/v2\/media?parent=64027"}],"wp:term":[{"taxonomy":"category","embeddable":true,"href":"https:\/\/www.sudoestehoje.com.br\/novoportal\/wp-json\/wp\/v2\/categories?post=64027"},{"taxonomy":"post_tag","embeddable":true,"href":"https:\/\/www.sudoestehoje.com.br\/novoportal\/wp-json\/wp\/v2\/tags?post=64027"}],"curies":[{"name":"wp","href":"https:\/\/api.w.org\/{rel}","templated":true}]}}