
{"id":64019,"date":"2017-02-17T11:59:58","date_gmt":"2017-02-17T14:59:58","guid":{"rendered":"http:\/\/www.sudoestehoje.com.br\/novoportal\/?p=64019"},"modified":"2017-02-17T14:16:34","modified_gmt":"2017-02-17T17:16:34","slug":"jornada-pedagogica-de-macarani","status":"publish","type":"post","link":"https:\/\/www.sudoestehoje.com.br\/novoportal\/2017\/02\/17\/jornada-pedagogica-de-macarani\/","title":{"rendered":"JORNADA PEDAG\u00d3GICA DE MACARANI"},"content":{"rendered":"<p><img loading=\"lazy\" decoding=\"async\" class=\"\" src=\"https:\/\/scontent.fsdu7-1.fna.fbcdn.net\/v\/t1.0-9\/16831118_1282691758488889_2790409118466808143_n.jpg?oh=a130c87fcd9efc308552196da589d78b&amp;oe=594AEB27\" alt=\"A imagem pode conter: texto\" width=\"501\" height=\"501\" \/><\/p>\n<p>Vem a\u00ed a abertura da Jornada Pedag\u00f3gica 2017 da Secretaria Municipal de Educa\u00e7\u00e3o de Macarani. Ser\u00e3o tr\u00eas dias de capacita\u00e7\u00e3o e socializa\u00e7\u00e3o nos dias 20, 21 e 22 de fevereiro, no Gin\u00e1sio de Esportes. Confira a programa\u00e7\u00e3o oficial do evento:<\/p>\n<p><img loading=\"lazy\" decoding=\"async\" class=\"\" src=\"https:\/\/scontent-gru2-1.xx.fbcdn.net\/v\/t1.0-9\/16730671_1282508658507199_4016097267905118239_n.jpg?oh=4dd3fea97e09224ca0218a50b3ce5f67&amp;oe=594B22F9\" alt=\"A imagem pode conter: 4 pessoas, pessoas sorrindo\" width=\"500\" height=\"353\" \/><\/p>\n","protected":false},"excerpt":{"rendered":"<p>Vem a\u00ed a abertura da Jornada Pedag\u00f3gica 2017 da Secretaria Municipal de Educa\u00e7\u00e3o de Macarani. Ser\u00e3o tr\u00eas dias de capacita\u00e7\u00e3o e socializa\u00e7\u00e3o nos dias 20, 21 e 22 de fevereiro, no Gin\u00e1sio de Esportes. Confira a programa\u00e7\u00e3o oficial do evento:<\/p>\n","protected":false},"author":2,"featured_media":0,"comment_status":"open","ping_status":"open","sticky":false,"template":"","format":"standard","meta":{"footnotes":"","_links_to":"","_links_to_target":""},"categories":[1],"tags":[],"class_list":["post-64019","post","type-post","status-publish","format-standard","hentry","category-geral"],"views":1072,"_links":{"self":[{"href":"https:\/\/www.sudoestehoje.com.br\/novoportal\/wp-json\/wp\/v2\/posts\/64019","targetHints":{"allow":["GET"]}}],"collection":[{"href":"https:\/\/www.sudoestehoje.com.br\/novoportal\/wp-json\/wp\/v2\/posts"}],"about":[{"href":"https:\/\/www.sudoestehoje.com.br\/novoportal\/wp-json\/wp\/v2\/types\/post"}],"author":[{"embeddable":true,"href":"https:\/\/www.sudoestehoje.com.br\/novoportal\/wp-json\/wp\/v2\/users\/2"}],"replies":[{"embeddable":true,"href":"https:\/\/www.sudoestehoje.com.br\/novoportal\/wp-json\/wp\/v2\/comments?post=64019"}],"version-history":[{"count":5,"href":"https:\/\/www.sudoestehoje.com.br\/novoportal\/wp-json\/wp\/v2\/posts\/64019\/revisions"}],"predecessor-version":[{"id":64024,"href":"https:\/\/www.sudoestehoje.com.br\/novoportal\/wp-json\/wp\/v2\/posts\/64019\/revisions\/64024"}],"wp:attachment":[{"href":"https:\/\/www.sudoestehoje.com.br\/novoportal\/wp-json\/wp\/v2\/media?parent=64019"}],"wp:term":[{"taxonomy":"category","embeddable":true,"href":"https:\/\/www.sudoestehoje.com.br\/novoportal\/wp-json\/wp\/v2\/categories?post=64019"},{"taxonomy":"post_tag","embeddable":true,"href":"https:\/\/www.sudoestehoje.com.br\/novoportal\/wp-json\/wp\/v2\/tags?post=64019"}],"curies":[{"name":"wp","href":"https:\/\/api.w.org\/{rel}","templated":true}]}}