
{"id":64015,"date":"2017-02-17T11:41:45","date_gmt":"2017-02-17T14:41:45","guid":{"rendered":"http:\/\/www.sudoestehoje.com.br\/novoportal\/?p=64015"},"modified":"2017-02-17T11:41:45","modified_gmt":"2017-02-17T14:41:45","slug":"nota-de-falecimento-de-urbano-rodrigues","status":"publish","type":"post","link":"https:\/\/www.sudoestehoje.com.br\/novoportal\/2017\/02\/17\/nota-de-falecimento-de-urbano-rodrigues\/","title":{"rendered":"NOTA DE FALECIMENTO DE URBANO RODRIGUES"},"content":{"rendered":"<p><img loading=\"lazy\" decoding=\"async\" class=\"\" src=\"http:\/\/itapetinga.ba.leg.br\/institucional\/fotos\/WhatsAppImage20170217at11.31.22.jpeg\/@@images\/49cfbe20-d92e-4fea-959c-ab04e5375e5d.jpeg\" alt=\"Sr. Urbano (arquivo da fam\u00edlia)\" width=\"450\" height=\"451\" \/><\/p>\n<p>\u00c9 com muito pesar que a <b>C\u00e2mara Municipal de Itapetinga<\/b> comunica o falecimento do seu ex-funcion\u00e1rio Sr. <b>Urbano Rodrigues de Souza<\/b>, ocorrido na manh\u00e3 desta sexta-feira (17).<\/p>\n<p>Aos 72 anos, Sr. Urbano faleceu na sua resid\u00eancia em Itapetinga-BA, v\u00edtima de um infarto. O corpo est\u00e1 sendo velado no cerimonial da Funer\u00e1ria Pax Perfei\u00e7\u00e3o, no bairro Camac\u00e3.<\/p>\n<p>Segundo informa\u00e7\u00f5es de familiares, o sepultamento ocorrer\u00e1 hoje, a partir das 16h30, no Cemit\u00e9rio Parque da Eternidade, no bairro Nova Itapetinga.<\/p>\n<p>Durante mais de 15 anos, Urbano ocupou o cargo de T\u00e9cnico\/Operador de Som da Casa Legislativa, sendo muito querido por vereadores e servidores do \u00f3rg\u00e3o p\u00fablico municipal.<\/p>\n<p>A C\u00e2mara publica a Portaria 589\/17, decretando luto oficial de tr\u00eas dias em decorr\u00eancia do falecimento e manifesta a sua solidariedade a todos os familiares e amigos do senhor Urbano Rodrigues de Souza, que deixa esposa e oito filhos. \/\/<em>Ascom C\u00e2mara<\/em><\/p>\n","protected":false},"excerpt":{"rendered":"<p>\u00c9 com muito pesar que a C\u00e2mara Municipal de Itapetinga comunica o falecimento do seu ex-funcion\u00e1rio Sr. Urbano Rodrigues de Souza, ocorrido na manh\u00e3 desta sexta-feira (17). Aos 72 anos, Sr. Urbano faleceu na sua resid\u00eancia em Itapetinga-BA, v\u00edtima de um infarto. O corpo est\u00e1 sendo velado no cerimonial da Funer\u00e1ria Pax Perfei\u00e7\u00e3o, no bairro [&hellip;]<\/p>\n","protected":false},"author":2,"featured_media":0,"comment_status":"open","ping_status":"open","sticky":false,"template":"","format":"standard","meta":{"footnotes":"","_links_to":"","_links_to_target":""},"categories":[1],"tags":[],"class_list":["post-64015","post","type-post","status-publish","format-standard","hentry","category-geral"],"views":2258,"_links":{"self":[{"href":"https:\/\/www.sudoestehoje.com.br\/novoportal\/wp-json\/wp\/v2\/posts\/64015","targetHints":{"allow":["GET"]}}],"collection":[{"href":"https:\/\/www.sudoestehoje.com.br\/novoportal\/wp-json\/wp\/v2\/posts"}],"about":[{"href":"https:\/\/www.sudoestehoje.com.br\/novoportal\/wp-json\/wp\/v2\/types\/post"}],"author":[{"embeddable":true,"href":"https:\/\/www.sudoestehoje.com.br\/novoportal\/wp-json\/wp\/v2\/users\/2"}],"replies":[{"embeddable":true,"href":"https:\/\/www.sudoestehoje.com.br\/novoportal\/wp-json\/wp\/v2\/comments?post=64015"}],"version-history":[{"count":3,"href":"https:\/\/www.sudoestehoje.com.br\/novoportal\/wp-json\/wp\/v2\/posts\/64015\/revisions"}],"predecessor-version":[{"id":64018,"href":"https:\/\/www.sudoestehoje.com.br\/novoportal\/wp-json\/wp\/v2\/posts\/64015\/revisions\/64018"}],"wp:attachment":[{"href":"https:\/\/www.sudoestehoje.com.br\/novoportal\/wp-json\/wp\/v2\/media?parent=64015"}],"wp:term":[{"taxonomy":"category","embeddable":true,"href":"https:\/\/www.sudoestehoje.com.br\/novoportal\/wp-json\/wp\/v2\/categories?post=64015"},{"taxonomy":"post_tag","embeddable":true,"href":"https:\/\/www.sudoestehoje.com.br\/novoportal\/wp-json\/wp\/v2\/tags?post=64015"}],"curies":[{"name":"wp","href":"https:\/\/api.w.org\/{rel}","templated":true}]}}