
{"id":64012,"date":"2017-02-17T11:19:45","date_gmt":"2017-02-17T14:19:45","guid":{"rendered":"http:\/\/www.sudoestehoje.com.br\/novoportal\/?p=64012"},"modified":"2017-02-17T11:19:45","modified_gmt":"2017-02-17T14:19:45","slug":"horario-de-verao-acaba-neste-domingo-3","status":"publish","type":"post","link":"https:\/\/www.sudoestehoje.com.br\/novoportal\/2017\/02\/17\/horario-de-verao-acaba-neste-domingo-3\/","title":{"rendered":"HOR\u00c1RIO DE VER\u00c3O ACABA NESTE DOMINGO"},"content":{"rendered":"<p><a href=\"http:\/\/www.sudoestehoje.com.br\/novoportal\/wp-content\/uploads\/2017\/02\/Horario-de-Verao-4-.jpg\"><img loading=\"lazy\" decoding=\"async\" class=\"aligncenter size-medium wp-image-64013\" src=\"http:\/\/www.sudoestehoje.com.br\/novoportal\/wp-content\/uploads\/2017\/02\/Horario-de-Verao-4--500x281.jpg\" alt=\"Horario-de-Verao-4-\" width=\"500\" height=\"281\" srcset=\"https:\/\/www.sudoestehoje.com.br\/novoportal\/wp-content\/uploads\/2017\/02\/Horario-de-Verao-4--500x281.jpg 500w, https:\/\/www.sudoestehoje.com.br\/novoportal\/wp-content\/uploads\/2017\/02\/Horario-de-Verao-4-.jpg 640w\" sizes=\"auto, (max-width: 500px) 100vw, 500px\" \/><\/a><\/p>\n<p>O hor\u00e1rio de ver\u00e3o acaba no pr\u00f3ximo domingo, a partir da 0h, quando os rel\u00f3gios devem ser atrasados em uma hora nas regi\u00f5es Sul, Sudeste e Centro-Oeste. A medida, em vigor desde outubro, tem como objetivo aproveitar melhor a luz solar durante o per\u00edodo do ver\u00e3o, al\u00e9m de estimular o uso consciente da energia el\u00e9trica.<\/p>\n<p>A mudan\u00e7a de hor\u00e1rio \u00e9 adotada no Brasil desde 1931, e visa proporcionar uma economia de energia para o pa\u00eds, com um menor consumo no hor\u00e1rio de pico (das 18h \u00e0s 21h), pelo aproveitamento maior da luminosidade natural. Com isso, o uso de energia gerada por termel\u00e9tricas pode ser evitado, reduzindo o custo da gera\u00e7\u00e3o de eletricidade.<\/p>\n<p>A previs\u00e3o do governo \u00e9 que o Hor\u00e1rio de Ver\u00e3o deste ano resulte em uma economia de R$ 147,5 milh\u00f5es, por causa da redu\u00e7\u00e3o do uso de energia de termel\u00e9tricas. Na edi\u00e7\u00e3o anterior (2015\/2016), a economia foi de R$ 162 milh\u00f5es.<\/p>\n","protected":false},"excerpt":{"rendered":"<p>O hor\u00e1rio de ver\u00e3o acaba no pr\u00f3ximo domingo, a partir da 0h, quando os rel\u00f3gios devem ser atrasados em uma hora nas regi\u00f5es Sul, Sudeste e Centro-Oeste. A medida, em vigor desde outubro, tem como objetivo aproveitar melhor a luz solar durante o per\u00edodo do ver\u00e3o, al\u00e9m de estimular o uso consciente da energia el\u00e9trica. [&hellip;]<\/p>\n","protected":false},"author":2,"featured_media":64013,"comment_status":"open","ping_status":"open","sticky":false,"template":"","format":"standard","meta":{"footnotes":"","_links_to":"","_links_to_target":""},"categories":[1],"tags":[],"class_list":["post-64012","post","type-post","status-publish","format-standard","has-post-thumbnail","hentry","category-geral"],"views":1080,"_links":{"self":[{"href":"https:\/\/www.sudoestehoje.com.br\/novoportal\/wp-json\/wp\/v2\/posts\/64012","targetHints":{"allow":["GET"]}}],"collection":[{"href":"https:\/\/www.sudoestehoje.com.br\/novoportal\/wp-json\/wp\/v2\/posts"}],"about":[{"href":"https:\/\/www.sudoestehoje.com.br\/novoportal\/wp-json\/wp\/v2\/types\/post"}],"author":[{"embeddable":true,"href":"https:\/\/www.sudoestehoje.com.br\/novoportal\/wp-json\/wp\/v2\/users\/2"}],"replies":[{"embeddable":true,"href":"https:\/\/www.sudoestehoje.com.br\/novoportal\/wp-json\/wp\/v2\/comments?post=64012"}],"version-history":[{"count":1,"href":"https:\/\/www.sudoestehoje.com.br\/novoportal\/wp-json\/wp\/v2\/posts\/64012\/revisions"}],"predecessor-version":[{"id":64014,"href":"https:\/\/www.sudoestehoje.com.br\/novoportal\/wp-json\/wp\/v2\/posts\/64012\/revisions\/64014"}],"wp:featuredmedia":[{"embeddable":true,"href":"https:\/\/www.sudoestehoje.com.br\/novoportal\/wp-json\/wp\/v2\/media\/64013"}],"wp:attachment":[{"href":"https:\/\/www.sudoestehoje.com.br\/novoportal\/wp-json\/wp\/v2\/media?parent=64012"}],"wp:term":[{"taxonomy":"category","embeddable":true,"href":"https:\/\/www.sudoestehoje.com.br\/novoportal\/wp-json\/wp\/v2\/categories?post=64012"},{"taxonomy":"post_tag","embeddable":true,"href":"https:\/\/www.sudoestehoje.com.br\/novoportal\/wp-json\/wp\/v2\/tags?post=64012"}],"curies":[{"name":"wp","href":"https:\/\/api.w.org\/{rel}","templated":true}]}}