
{"id":64002,"date":"2017-02-16T18:09:41","date_gmt":"2017-02-16T21:09:41","guid":{"rendered":"http:\/\/www.sudoestehoje.com.br\/novoportal\/?p=64002"},"modified":"2017-02-16T18:09:41","modified_gmt":"2017-02-16T21:09:41","slug":"urgente-liminar-do-supremo-adia-fim-do-mundo-para-depois-do-carnaval","status":"publish","type":"post","link":"https:\/\/www.sudoestehoje.com.br\/novoportal\/2017\/02\/16\/urgente-liminar-do-supremo-adia-fim-do-mundo-para-depois-do-carnaval\/","title":{"rendered":"URGENTE! LIMINAR DO SUPREMO ADIA FIM DO MUNDO PARA DEPOIS DO CARNAVAL"},"content":{"rendered":"<p><img loading=\"lazy\" decoding=\"async\" class=\"\" src=\"http:\/\/static.sensacionalista.com.br\/wp-content\/uploads\/2017\/02\/meteoro.png\" width=\"501\" height=\"258\" \/><\/p>\n<p>Uma previs\u00e3o feita pelo astr\u00f4nomo russo Dyomin Damir Zakharovich diz que um asteroide, chamado #2016WF9, ir\u00e1 provocar o fim do mundo amanh\u00e3, dia 16 de fevereiro de 2017. O nome do cientista n\u00e3o aparece em nenhuma publica\u00e7\u00e3o anterior a janeiro de 2017, quando a previs\u00e3o surgiu na internet, mas textos que circulam pelo Facebook\u00a0explicam que ele \u00e9 um funcion\u00e1rio da NASA e seu nome seria protegido pela ag\u00eancia. J\u00e1 outros alegam que ele trabalha de maneira independente, o que justificaria a aus\u00eancia de publica\u00e7\u00f5es em seu nome. Sem nenhuma prova, a teoria ganhou for\u00e7a e chegou ao STF.<\/p>\n<p>De acordo com o Supremo Tribunal Federal, o fim do mundo n\u00e3o pode acontecer na data prevista, j\u00e1 que o Carnaval s\u00f3 acontecer\u00e1 na pr\u00f3xima semana. Para evitar que o mundo acabe, uma liminar transferiu o fim do mundo para depois do Carnaval.<\/p>\n<p>\u201cAs pessoas j\u00e1 compraram suas fantasias, gastaram dinheiro com purpurina e algumas at\u00e9 conseguiram atestado m\u00e9dico para participar da folia. Seria injusto que o povo priv\u00e1-los da maior festa do mundo\u201d disse o ministro\u00a0Gilmar Mendes, que\u00a0ainda frisou que talvez precise adiar o fim do mundo mais um pouco, para que possa ter tempo de parar a Lava Jato antes do asteroide. \/\/<em>Sensacionalista<\/em><\/p>\n","protected":false},"excerpt":{"rendered":"<p>Uma previs\u00e3o feita pelo astr\u00f4nomo russo Dyomin Damir Zakharovich diz que um asteroide, chamado #2016WF9, ir\u00e1 provocar o fim do mundo amanh\u00e3, dia 16 de fevereiro de 2017. O nome do cientista n\u00e3o aparece em nenhuma publica\u00e7\u00e3o anterior a janeiro de 2017, quando a previs\u00e3o surgiu na internet, mas textos que circulam pelo Facebook\u00a0explicam que [&hellip;]<\/p>\n","protected":false},"author":2,"featured_media":0,"comment_status":"open","ping_status":"open","sticky":false,"template":"","format":"standard","meta":{"footnotes":"","_links_to":"","_links_to_target":""},"categories":[1],"tags":[],"class_list":["post-64002","post","type-post","status-publish","format-standard","hentry","category-geral"],"views":1094,"_links":{"self":[{"href":"https:\/\/www.sudoestehoje.com.br\/novoportal\/wp-json\/wp\/v2\/posts\/64002","targetHints":{"allow":["GET"]}}],"collection":[{"href":"https:\/\/www.sudoestehoje.com.br\/novoportal\/wp-json\/wp\/v2\/posts"}],"about":[{"href":"https:\/\/www.sudoestehoje.com.br\/novoportal\/wp-json\/wp\/v2\/types\/post"}],"author":[{"embeddable":true,"href":"https:\/\/www.sudoestehoje.com.br\/novoportal\/wp-json\/wp\/v2\/users\/2"}],"replies":[{"embeddable":true,"href":"https:\/\/www.sudoestehoje.com.br\/novoportal\/wp-json\/wp\/v2\/comments?post=64002"}],"version-history":[{"count":3,"href":"https:\/\/www.sudoestehoje.com.br\/novoportal\/wp-json\/wp\/v2\/posts\/64002\/revisions"}],"predecessor-version":[{"id":64005,"href":"https:\/\/www.sudoestehoje.com.br\/novoportal\/wp-json\/wp\/v2\/posts\/64002\/revisions\/64005"}],"wp:attachment":[{"href":"https:\/\/www.sudoestehoje.com.br\/novoportal\/wp-json\/wp\/v2\/media?parent=64002"}],"wp:term":[{"taxonomy":"category","embeddable":true,"href":"https:\/\/www.sudoestehoje.com.br\/novoportal\/wp-json\/wp\/v2\/categories?post=64002"},{"taxonomy":"post_tag","embeddable":true,"href":"https:\/\/www.sudoestehoje.com.br\/novoportal\/wp-json\/wp\/v2\/tags?post=64002"}],"curies":[{"name":"wp","href":"https:\/\/api.w.org\/{rel}","templated":true}]}}