
{"id":64,"date":"2010-09-14T21:29:03","date_gmt":"2010-09-15T00:29:03","guid":{"rendered":"http:\/\/sudoestehoje.tempsite.ws\/novoportal\/?p=64"},"modified":"2010-09-17T22:02:40","modified_gmt":"2010-09-18T01:02:40","slug":"eleicoes-tre-volta-atras-e-livra-a-cara-de-geraldo-simoes","status":"publish","type":"post","link":"https:\/\/www.sudoestehoje.com.br\/novoportal\/2010\/09\/14\/eleicoes-tre-volta-atras-e-livra-a-cara-de-geraldo-simoes\/","title":{"rendered":"ELEI\u00c7\u00d5ES: TRE VOLTA ATR\u00c1S E LIVRA A CARA DE GERALDO SIM\u00d5ES"},"content":{"rendered":"<div style=\"text-align: center;\"><img decoding=\"async\" src=\"http:\/\/1.bp.blogspot.com\/_VE6p8Nzv9hM\/SW_5jPkTzRI\/AAAAAAAABec\/9gxUI3roI8k\/s400\/lavagem+bonfim+004.jpg\" border=\"0\" alt=\"\" \/><\/div>\n<div style=\"text-align: center;\">TRE transforma\u00a0Geraldo Sim\u00f5es em &#8216;ficha-limpa&#8217;<\/div>\n<p style=\"text-align: justify;\">Mesmo com as contas rejeitadas pelos tribunais de Contas dos Munic\u00edpios (TCM) e da Uni\u00e3o (TCU) no per\u00edodo em que foi prefeito de Itabuna (1990\u00a0e 2000), o deputado federal Geraldo Sim\u00f5es (PT) foi liberado pela Justi\u00e7a\u00a0para concorrer \u00e0 reelei\u00e7\u00e3o este ano.\u00a0 O Tribunal Regional Eleitoral havia negado a candidatura do petista por conta das supostas irregularidades na \u00e9poca em que governava a cidade no sul da Bahia, mas nesta ter\u00e7a-feira (14) resolveu voltar atr\u00e1s da decis\u00e3o e permitiu que o parlamentar concorra ao pleito. Entretanto, o Minist\u00e9rio P\u00fablico Eleitoral deve ingressar com recurso junto ao TSE, para enquadrar o pol\u00eamico parlamentar como &#8216;ficha suja&#8217;.<\/p>\n<p>O &#8216;arrependimento&#8217; do TRE j\u00e1 era esperado, depois que o &#8216;time&#8217; de Wagner entrou em campo, para livrar a cara do &#8216;companheiro&#8217;. O Sudoeste Hoje antecipou a &#8216;articula\u00e7\u00e3o&#8217;.<\/p>\n","protected":false},"excerpt":{"rendered":"<p>TRE transforma\u00a0Geraldo Sim\u00f5es em &#8216;ficha-limpa&#8217; Mesmo com as contas rejeitadas pelos tribunais de Contas dos Munic\u00edpios (TCM) e da Uni\u00e3o (TCU) no per\u00edodo em que foi prefeito de Itabuna (1990\u00a0e 2000), o deputado federal Geraldo Sim\u00f5es (PT) foi liberado pela Justi\u00e7a\u00a0para concorrer \u00e0 reelei\u00e7\u00e3o este ano.\u00a0 O Tribunal Regional Eleitoral havia negado a candidatura do [&hellip;]<\/p>\n","protected":false},"author":1,"featured_media":0,"comment_status":"open","ping_status":"open","sticky":false,"template":"","format":"standard","meta":{"footnotes":"","_links_to":"","_links_to_target":""},"categories":[1],"tags":[],"class_list":["post-64","post","type-post","status-publish","format-standard","hentry","category-geral"],"views":1282,"_links":{"self":[{"href":"https:\/\/www.sudoestehoje.com.br\/novoportal\/wp-json\/wp\/v2\/posts\/64","targetHints":{"allow":["GET"]}}],"collection":[{"href":"https:\/\/www.sudoestehoje.com.br\/novoportal\/wp-json\/wp\/v2\/posts"}],"about":[{"href":"https:\/\/www.sudoestehoje.com.br\/novoportal\/wp-json\/wp\/v2\/types\/post"}],"author":[{"embeddable":true,"href":"https:\/\/www.sudoestehoje.com.br\/novoportal\/wp-json\/wp\/v2\/users\/1"}],"replies":[{"embeddable":true,"href":"https:\/\/www.sudoestehoje.com.br\/novoportal\/wp-json\/wp\/v2\/comments?post=64"}],"version-history":[{"count":1,"href":"https:\/\/www.sudoestehoje.com.br\/novoportal\/wp-json\/wp\/v2\/posts\/64\/revisions"}],"predecessor-version":[{"id":65,"href":"https:\/\/www.sudoestehoje.com.br\/novoportal\/wp-json\/wp\/v2\/posts\/64\/revisions\/65"}],"wp:attachment":[{"href":"https:\/\/www.sudoestehoje.com.br\/novoportal\/wp-json\/wp\/v2\/media?parent=64"}],"wp:term":[{"taxonomy":"category","embeddable":true,"href":"https:\/\/www.sudoestehoje.com.br\/novoportal\/wp-json\/wp\/v2\/categories?post=64"},{"taxonomy":"post_tag","embeddable":true,"href":"https:\/\/www.sudoestehoje.com.br\/novoportal\/wp-json\/wp\/v2\/tags?post=64"}],"curies":[{"name":"wp","href":"https:\/\/api.w.org\/{rel}","templated":true}]}}