
{"id":63970,"date":"2017-02-15T09:53:16","date_gmt":"2017-02-15T12:53:16","guid":{"rendered":"http:\/\/www.sudoestehoje.com.br\/novoportal\/?p=63970"},"modified":"2017-02-15T12:08:41","modified_gmt":"2017-02-15T15:08:41","slug":"morre-em-itapetinga-o-popular-zeinha","status":"publish","type":"post","link":"https:\/\/www.sudoestehoje.com.br\/novoportal\/2017\/02\/15\/morre-em-itapetinga-o-popular-zeinha\/","title":{"rendered":"MORRE EM ITAPETINGA O POPULAR &#8220;ZEINHA&#8221;"},"content":{"rendered":"<p><img loading=\"lazy\" decoding=\"async\" class=\"\" src=\"https:\/\/scontent-gru2-2.xx.fbcdn.net\/v\/t1.0-9\/16730551_1279774578780607_9079850156599806720_n.jpg?oh=d2a96055d8f12f120c21280b97e04704&amp;oe=593BFC1D\" alt=\"A imagem pode conter: uma ou mais pessoas e \u00f3culos\" width=\"500\" height=\"605\" \/><\/p>\n<p>Faleceu, na madrugada desta quarta-feira (15), de causas naturais, o comerciante e servidor p\u00fablico Manoel Mois\u00e9s Costa Barreto, popularmente conhecido por &#8220;Zeinha&#8221;.<\/p>\n<p>Segundo informa\u00e7\u00f5es de amigos e familiares, Zeinha sofria de insufici\u00eancia renal, e vinha sendo tratado atrav\u00e9s de hemodi\u00e1lise, mas teve uma crise na noite de ontem e foi conduzido para Hospital Cristo Redentor, onde veio a falecer.<\/p>\n<p>O corpo est\u00e1 sendo velado no Cerimonial Pax Perfei\u00e7\u00e3o e dever\u00e1 ser sepultado \u00e0s 10h da manh\u00e3 desta quinta-feira (16).<\/p>\n<p>O Sudoeste Hoje lamenta o falecimento do grande amigo, manifestando o seu pesar \u00e0 fam\u00edlia enlutada, pela inestim\u00e1vel perda.<\/p>\n<p><strong><em>Davi Ferraz &#8211; Editor<\/em><\/strong><\/p>\n","protected":false},"excerpt":{"rendered":"<p>Faleceu, na madrugada desta quarta-feira (15), de causas naturais, o comerciante e servidor p\u00fablico Manoel Mois\u00e9s Costa Barreto, popularmente conhecido por &#8220;Zeinha&#8221;. Segundo informa\u00e7\u00f5es de amigos e familiares, Zeinha sofria de insufici\u00eancia renal, e vinha sendo tratado atrav\u00e9s de hemodi\u00e1lise, mas teve uma crise na noite de ontem e foi conduzido para Hospital Cristo Redentor, [&hellip;]<\/p>\n","protected":false},"author":2,"featured_media":0,"comment_status":"open","ping_status":"open","sticky":false,"template":"","format":"standard","meta":{"footnotes":"","_links_to":"","_links_to_target":""},"categories":[1],"tags":[],"class_list":["post-63970","post","type-post","status-publish","format-standard","hentry","category-geral"],"views":3583,"_links":{"self":[{"href":"https:\/\/www.sudoestehoje.com.br\/novoportal\/wp-json\/wp\/v2\/posts\/63970","targetHints":{"allow":["GET"]}}],"collection":[{"href":"https:\/\/www.sudoestehoje.com.br\/novoportal\/wp-json\/wp\/v2\/posts"}],"about":[{"href":"https:\/\/www.sudoestehoje.com.br\/novoportal\/wp-json\/wp\/v2\/types\/post"}],"author":[{"embeddable":true,"href":"https:\/\/www.sudoestehoje.com.br\/novoportal\/wp-json\/wp\/v2\/users\/2"}],"replies":[{"embeddable":true,"href":"https:\/\/www.sudoestehoje.com.br\/novoportal\/wp-json\/wp\/v2\/comments?post=63970"}],"version-history":[{"count":3,"href":"https:\/\/www.sudoestehoje.com.br\/novoportal\/wp-json\/wp\/v2\/posts\/63970\/revisions"}],"predecessor-version":[{"id":63978,"href":"https:\/\/www.sudoestehoje.com.br\/novoportal\/wp-json\/wp\/v2\/posts\/63970\/revisions\/63978"}],"wp:attachment":[{"href":"https:\/\/www.sudoestehoje.com.br\/novoportal\/wp-json\/wp\/v2\/media?parent=63970"}],"wp:term":[{"taxonomy":"category","embeddable":true,"href":"https:\/\/www.sudoestehoje.com.br\/novoportal\/wp-json\/wp\/v2\/categories?post=63970"},{"taxonomy":"post_tag","embeddable":true,"href":"https:\/\/www.sudoestehoje.com.br\/novoportal\/wp-json\/wp\/v2\/tags?post=63970"}],"curies":[{"name":"wp","href":"https:\/\/api.w.org\/{rel}","templated":true}]}}