
{"id":63961,"date":"2017-02-14T20:11:21","date_gmt":"2017-02-14T23:11:21","guid":{"rendered":"http:\/\/www.sudoestehoje.com.br\/novoportal\/?p=63961"},"modified":"2017-02-14T20:11:21","modified_gmt":"2017-02-14T23:11:21","slug":"supremo-mantem-moreira-franco-como-ministro-de-temer-com-foro-privilegiado","status":"publish","type":"post","link":"https:\/\/www.sudoestehoje.com.br\/novoportal\/2017\/02\/14\/supremo-mantem-moreira-franco-como-ministro-de-temer-com-foro-privilegiado\/","title":{"rendered":"SUPREMO MANT\u00c9M MOREIRA FRANCO COMO MINISTRO DE TEMER COM FORO PRIVILEGIADO"},"content":{"rendered":"<p><img loading=\"lazy\" decoding=\"async\" class=\"\" src=\"http:\/\/www.diariodopoder.com.br\/style\/images\/images\/Moreira%20Franco%20foto%20Antonio%20Cruz%20ABr.jpg\" width=\"501\" height=\"282\" \/><\/p>\n<p>O ministro do Supremo Tribunal Federal Celso de Mello decidiu manter a nomea\u00e7\u00e3o de Moreira Franco como secret\u00e1rio-geral da Presid\u00eancia da Rep\u00fablica, incluindo o foro privilegiado.<\/p>\n<p>Homem de confian\u00e7a de Temer, Moreira Franco tomou posse no cargo no dia 3, quatro dias depois de a presidente do STF, ministra C\u00e1rmen L\u00facia, homologar as dela\u00e7\u00f5es de 77 executivos e ex-executivos da Odebrecht.<\/p>\n<p>Apelidado de &#8220;Angor\u00e1&#8221; na planilha da empreiteira, Moreira Franco foi citado mais de 30 vezes na dela\u00e7\u00e3o de Cl\u00e1udio Melo Filho, ex-diretor de rela\u00e7\u00f5es institucionais da Odebrecht.<\/p>\n<p>Logo depois da solenidade de posse de Moreira Franco no Pal\u00e1cio do Planalto, os partidos PSOL e Rede Sustentabilidade recorreram ao STF para tentar barrar a nomea\u00e7\u00e3o. &#8220;O pa\u00eds testemunha, estupefato, a execu\u00e7\u00e3o de um ato pelo qual o presidente da Rep\u00fablica deliberadamente decide nomear algu\u00e9m para um cargo de ministro de Estado, n\u00e3o com finalidade de aprimorar o corpo t\u00e9cnico de sua equipe, mas t\u00e3o somente para prover a um investigado pela Opera\u00e7\u00e3o Lava Jato a prerrogativa de foro&#8221;, alegou o PSOL ao STF.<\/p>\n<p>Al\u00e9m da a\u00e7\u00e3o no STF, in\u00fameras outras a\u00e7\u00f5es foram movidas em inst\u00e2ncias inferiores, incompetentes para julgar atos do presidente da Rep\u00fablica. Mesmo assim, uma sucess\u00e3o de liminares foram concedidas e derrubadas.<\/p>\n<p>Na semana passada, o ministro pediu que o Planalto se manifestasse e a Advocacia-Gera da Uni\u00e3o enviou documento afirmando n\u00e3o ter havido &#8220;qualquer m\u00e1 inten\u00e7\u00e3o&#8221; de Temer, muito menos &#8220;criar obstru\u00e7\u00f5es&#8221; \u00e0 Lava Jato. Em outro trecho, a AGU ressalta que tratar a prerrogativa de foro como blindagem seria sugerir que o STF estaria sujeito \u00e0 interfer\u00eancia pol\u00edtica.<\/p>\n<p>A decis\u00e3o de Mello se sobrep\u00f5e \u00e0s demais, inclusive a que matinha Moreira Franco como ministro, mas sem a prerrogativa de foro privilegiado.<\/p>\n","protected":false},"excerpt":{"rendered":"<p>O ministro do Supremo Tribunal Federal Celso de Mello decidiu manter a nomea\u00e7\u00e3o de Moreira Franco como secret\u00e1rio-geral da Presid\u00eancia da Rep\u00fablica, incluindo o foro privilegiado. Homem de confian\u00e7a de Temer, Moreira Franco tomou posse no cargo no dia 3, quatro dias depois de a presidente do STF, ministra C\u00e1rmen L\u00facia, homologar as dela\u00e7\u00f5es de [&hellip;]<\/p>\n","protected":false},"author":2,"featured_media":0,"comment_status":"open","ping_status":"open","sticky":false,"template":"","format":"standard","meta":{"footnotes":"","_links_to":"","_links_to_target":""},"categories":[1],"tags":[],"class_list":["post-63961","post","type-post","status-publish","format-standard","hentry","category-geral"],"views":1171,"_links":{"self":[{"href":"https:\/\/www.sudoestehoje.com.br\/novoportal\/wp-json\/wp\/v2\/posts\/63961","targetHints":{"allow":["GET"]}}],"collection":[{"href":"https:\/\/www.sudoestehoje.com.br\/novoportal\/wp-json\/wp\/v2\/posts"}],"about":[{"href":"https:\/\/www.sudoestehoje.com.br\/novoportal\/wp-json\/wp\/v2\/types\/post"}],"author":[{"embeddable":true,"href":"https:\/\/www.sudoestehoje.com.br\/novoportal\/wp-json\/wp\/v2\/users\/2"}],"replies":[{"embeddable":true,"href":"https:\/\/www.sudoestehoje.com.br\/novoportal\/wp-json\/wp\/v2\/comments?post=63961"}],"version-history":[{"count":1,"href":"https:\/\/www.sudoestehoje.com.br\/novoportal\/wp-json\/wp\/v2\/posts\/63961\/revisions"}],"predecessor-version":[{"id":63962,"href":"https:\/\/www.sudoestehoje.com.br\/novoportal\/wp-json\/wp\/v2\/posts\/63961\/revisions\/63962"}],"wp:attachment":[{"href":"https:\/\/www.sudoestehoje.com.br\/novoportal\/wp-json\/wp\/v2\/media?parent=63961"}],"wp:term":[{"taxonomy":"category","embeddable":true,"href":"https:\/\/www.sudoestehoje.com.br\/novoportal\/wp-json\/wp\/v2\/categories?post=63961"},{"taxonomy":"post_tag","embeddable":true,"href":"https:\/\/www.sudoestehoje.com.br\/novoportal\/wp-json\/wp\/v2\/tags?post=63961"}],"curies":[{"name":"wp","href":"https:\/\/api.w.org\/{rel}","templated":true}]}}