
{"id":63955,"date":"2017-02-14T19:25:11","date_gmt":"2017-02-14T22:25:11","guid":{"rendered":"http:\/\/www.sudoestehoje.com.br\/novoportal\/?p=63955"},"modified":"2017-02-14T19:25:11","modified_gmt":"2017-02-14T22:25:11","slug":"caixa-divulga-calendario-de-pagamento-das-contas-inativas-do-fgts","status":"publish","type":"post","link":"https:\/\/www.sudoestehoje.com.br\/novoportal\/2017\/02\/14\/caixa-divulga-calendario-de-pagamento-das-contas-inativas-do-fgts\/","title":{"rendered":"CAIXA DIVULGA CALEND\u00c1RIO DE PAGAMENTO DAS CONTAS INATIVAS DO FGTS"},"content":{"rendered":"<p><img loading=\"lazy\" decoding=\"async\" class=\"\" src=\"http:\/\/www.blogtributario.com.br\/wp-content\/uploads\/2017\/01\/Saque-de-FGTS-de-conta-inativa-come%C3%A7a-em-mar%C3%A7o.png\" alt=\"Resultado de imagem para fgts inativo\" width=\"501\" height=\"263\" \/><\/p>\n<p id=\"yui_3_16_0_ym19_1_1487110342843_7114\"><span id=\"yui_3_16_0_ym19_1_1487110342843_7113\">O Governo Federal e a CAIXA divulgaram nesta ter\u00e7a-feira (14) a sistem\u00e1tica e o calend\u00e1rio de pagamento das contas inativas do Fundo de Garantia do Tempo de Servi\u00e7o (FGTS). <\/span><\/p>\n<p><span id=\"yui_3_16_0_ym19_1_1487110342843_7113\">Conforme a Medida Provis\u00f3ria 763\/2016, tem direto ao pagamento de conta inativa o trabalhador que pediu demiss\u00e3o ou foi demitido por justa causa at\u00e9 31 de dezembro de 2015. <\/span><\/p>\n<p><span id=\"yui_3_16_0_ym19_1_1487110342843_7113\">A medida engloba 49,6 milh\u00f5es de contas, com saldo de R$ 43,6 bilh\u00f5es, beneficiando 30,2 milh\u00f5es de trabalhadores. A previs\u00e3o \u00e9 que a medida injete mais de R$ 30 bilh\u00f5es na economia brasileira.<\/span><\/p>\n<p id=\"yui_3_16_0_ym19_1_1487110342843_8786\"><span id=\"yui_3_16_0_ym19_1_1487110342843_8785\">O pagamento das contas inativas ser\u00e1 realizado a partir de 10 de mar\u00e7o e vai at\u00e9 o dia 31 de julho deste ano, seguindo as regras de pagamento definidas pela CAIXA, na qualidade de Agente Operador do FGTS. A sistem\u00e1tica leva em conta o m\u00eas de anivers\u00e1rio do trabalhador. <strong><em>Veja abaixo o cronograma:<\/em><\/strong><\/span><\/p>\n<p><a href=\"http:\/\/www.sudoestehoje.com.br\/novoportal\/wp-content\/uploads\/2017\/02\/2017-02-14_calendario-fgts-tabela-01.jpg\"><img loading=\"lazy\" decoding=\"async\" class=\"aligncenter size-medium wp-image-63956\" src=\"http:\/\/www.sudoestehoje.com.br\/novoportal\/wp-content\/uploads\/2017\/02\/2017-02-14_calendario-fgts-tabela-01-500x146.jpg\" alt=\"2017-02-14_calendario-fgts-tabela-01\" width=\"500\" height=\"146\" srcset=\"https:\/\/www.sudoestehoje.com.br\/novoportal\/wp-content\/uploads\/2017\/02\/2017-02-14_calendario-fgts-tabela-01-500x146.jpg 500w, https:\/\/www.sudoestehoje.com.br\/novoportal\/wp-content\/uploads\/2017\/02\/2017-02-14_calendario-fgts-tabela-01.jpg 600w\" sizes=\"auto, (max-width: 500px) 100vw, 500px\" \/><\/a><\/p>\n<p>&nbsp;<\/p>\n","protected":false},"excerpt":{"rendered":"<p>O Governo Federal e a CAIXA divulgaram nesta ter\u00e7a-feira (14) a sistem\u00e1tica e o calend\u00e1rio de pagamento das contas inativas do Fundo de Garantia do Tempo de Servi\u00e7o (FGTS). Conforme a Medida Provis\u00f3ria 763\/2016, tem direto ao pagamento de conta inativa o trabalhador que pediu demiss\u00e3o ou foi demitido por justa causa at\u00e9 31 de [&hellip;]<\/p>\n","protected":false},"author":2,"featured_media":0,"comment_status":"open","ping_status":"open","sticky":false,"template":"","format":"standard","meta":{"footnotes":"","_links_to":"","_links_to_target":""},"categories":[1],"tags":[],"class_list":["post-63955","post","type-post","status-publish","format-standard","hentry","category-geral"],"views":1384,"_links":{"self":[{"href":"https:\/\/www.sudoestehoje.com.br\/novoportal\/wp-json\/wp\/v2\/posts\/63955","targetHints":{"allow":["GET"]}}],"collection":[{"href":"https:\/\/www.sudoestehoje.com.br\/novoportal\/wp-json\/wp\/v2\/posts"}],"about":[{"href":"https:\/\/www.sudoestehoje.com.br\/novoportal\/wp-json\/wp\/v2\/types\/post"}],"author":[{"embeddable":true,"href":"https:\/\/www.sudoestehoje.com.br\/novoportal\/wp-json\/wp\/v2\/users\/2"}],"replies":[{"embeddable":true,"href":"https:\/\/www.sudoestehoje.com.br\/novoportal\/wp-json\/wp\/v2\/comments?post=63955"}],"version-history":[{"count":1,"href":"https:\/\/www.sudoestehoje.com.br\/novoportal\/wp-json\/wp\/v2\/posts\/63955\/revisions"}],"predecessor-version":[{"id":63957,"href":"https:\/\/www.sudoestehoje.com.br\/novoportal\/wp-json\/wp\/v2\/posts\/63955\/revisions\/63957"}],"wp:attachment":[{"href":"https:\/\/www.sudoestehoje.com.br\/novoportal\/wp-json\/wp\/v2\/media?parent=63955"}],"wp:term":[{"taxonomy":"category","embeddable":true,"href":"https:\/\/www.sudoestehoje.com.br\/novoportal\/wp-json\/wp\/v2\/categories?post=63955"},{"taxonomy":"post_tag","embeddable":true,"href":"https:\/\/www.sudoestehoje.com.br\/novoportal\/wp-json\/wp\/v2\/tags?post=63955"}],"curies":[{"name":"wp","href":"https:\/\/api.w.org\/{rel}","templated":true}]}}